{"id":139604,"date":"2020-03-24T17:01:09","date_gmt":"2020-03-24T21:01:09","guid":{"rendered":"https:\/\/www.ocorreionews.com.br\/acervo-correio\/?p=139604"},"modified":"2020-03-24T17:01:09","modified_gmt":"2020-03-24T21:01:09","slug":"iaco-agricola-publica-as-medidas-preventivas-contra-covid-19","status":"publish","type":"post","link":"https:\/\/www.ocorreionews.com.br\/acervo-correio\/?p=139604","title":{"rendered":"IACO Agr\u00edcola publica as medidas preventivas contra COVID 19"},"content":{"rendered":"<p>A Empresa IACO Agricola, divulgou hoje as medidas que foram determinada pela a empresa, para prevenir contra o Coronav\u00edrus-COVID 19. Veja abaixo as medidas adotada pela IACO Agr\u00edcola<\/p>\n<p><span style=\"color: #ff0000;\"><strong>IACO AGR\u00cdCOLA SA <\/strong><\/span><\/p>\n<p><span style=\"color: #ff0000;\"><strong>MEDIDAS PREVENTIVAS SOBRE O CORONAV\u00cdRUS \u2013 COVID-19<\/strong> <\/span><\/p>\n<p>A empresa IACO AGR\u00cdCOLA SA integra a cadeia produtiva da alimenta\u00e7\u00e3o, combust\u00edveis, energia e higiene e sempre procurou atuar de forma colaborativa e engajada com as comunidades da regi\u00e3o.<br \/>\nAssim sendo, esteve atenta, desde o in\u00edcio, \u00e0s not\u00edcias relativas ao COVID-19 e vem adotando e implementando, desde a semana passada, medidas preventivas e de orienta\u00e7\u00e3o para a preven\u00e7\u00e3o e mitiga\u00e7\u00e3o dos seus efeitos entre os seus trabalhadores, familiares e empresas que prestam servi\u00e7os.<br \/>\nSegue um resumo de medidas e a\u00e7\u00f5es efetuadas:<br \/>\n1- Cria\u00e7\u00e3o de um Comit\u00ea Gestor;<\/p>\n<p>2- DDS (Di\u00e1logos Di\u00e1rios de Seguran\u00e7a) em todos os setores e com todos os funcion\u00e1rios da empresa;<\/p>\n<p>3- Entrega de panfleto com orienta\u00e7\u00f5es preventivas para todos os funcion\u00e1rios da empresa, suas resid\u00eancias, bem como coloca\u00e7\u00e3o de cartazes nos quadros murais de todos os setores da empresa;<\/p>\n<p>4- Distribui\u00e7\u00e3o de \u00e1lcool 70% em todos os setores da empresa, alojamentos, bem como em todas as m\u00e1quinas e equipamentos agr\u00edcolas, com treinamento para o uso correto. Tamb\u00e9m distribu\u00edmos para todos os funcion\u00e1rios para seu uso particular;<\/p>\n<p>5- Higieniza\u00e7\u00e3o completa, peri\u00f3dica e constante de todos os setores da empresa;<\/p>\n<p>6- Redu\u00e7\u00e3o de pessoas no transporte em geral intercalando o uso dos bancos, mantendo o espa\u00e7o m\u00ednimo;<\/p>\n<p>7- Higieniza\u00e7\u00e3o, a cada viagem, com cloro e \u00e1lcool em todos os ve\u00edculos que transportam funcion\u00e1rios e abertura de janelas para circula\u00e7\u00e3o do ar;<\/p>\n<p>8- Escalonamento nos hor\u00e1rios de refei\u00e7\u00e3o e reorganiza\u00e7\u00e3o das mesas com mais espa\u00e7os;<\/p>\n<p>9- Cancelamento de todas as atividades que envolvem aglomera\u00e7\u00f5es, e orienta\u00e7\u00e3o para evitar contato f\u00edsico, manter dist\u00e2ncia de 1 metro e meio entre uma pessoa e outra, bem como manter janelas e portas abertas;<\/p>\n<p>10- Monitoramento e triagem de visitantes que acessem a empresa;<\/p>\n<p>11- Afastamento das mulheres gr\u00e1vidas e dos funcion\u00e1rios com mais de 60 anos;<\/p>\n<p>12- Doa\u00e7\u00e3o de 30.000 litros de \u00e1lcool para os \u00f3rg\u00e3os de sa\u00fade;<\/p>\n<p>De modo geral se reconhece toda a situa\u00e7\u00e3o e gravidade dos seus efeitos, mas \u00e9 importante lembrar da necessidade de manter as cadeias de produ\u00e7\u00e3o e abastecimento em atividade, haja visto o ocorrido na greve dos caminhoneiros, que envolvia apenas o setor de transporte.<\/p>\n<p>Diversos pa\u00edses j\u00e1 est\u00e3o mudando de atitude em rela\u00e7\u00e3o as medidas tomadas para evitar um agravamento e interrup\u00e7\u00e3o de todas as cadeias produtivas e de abastecimento.<\/p>\n","protected":false},"excerpt":{"rendered":"<p>A Empresa IACO Agricola, divulgou hoje as medidas que foram determinada pela a empresa, para prevenir contra o Coronav\u00edrus-COVID 19. Veja abaixo as medidas adotada pela IACO Agr\u00edcola IACO AGR\u00cdCOLA SA MEDIDAS PREVENTIVAS SOBRE O CORONAV\u00cdRUS \u2013 COVID-19 A empresa IACO AGR\u00cdCOLA SA integra a cadeia produtiva da alimenta\u00e7\u00e3o, combust\u00edveis, energia e higiene e sempre [&hellip;]<\/p>\n","protected":false},"author":4,"featured_media":96405,"comment_status":"closed","ping_status":"closed","sticky":false,"template":"","format":"standard","meta":{"footnotes":""},"categories":[23],"tags":[],"class_list":["post-139604","post","type-post","status-publish","format-standard","has-post-thumbnail","hentry","category-chapadao-do-sul"],"_links":{"self":[{"href":"https:\/\/www.ocorreionews.com.br\/acervo-correio\/index.php?rest_route=\/wp\/v2\/posts\/139604","targetHints":{"allow":["GET"]}}],"collection":[{"href":"https:\/\/www.ocorreionews.com.br\/acervo-correio\/index.php?rest_route=\/wp\/v2\/posts"}],"about":[{"href":"https:\/\/www.ocorreionews.com.br\/acervo-correio\/index.php?rest_route=\/wp\/v2\/types\/post"}],"author":[{"embeddable":true,"href":"https:\/\/www.ocorreionews.com.br\/acervo-correio\/index.php?rest_route=\/wp\/v2\/users\/4"}],"replies":[{"embeddable":true,"href":"https:\/\/www.ocorreionews.com.br\/acervo-correio\/index.php?rest_route=%2Fwp%2Fv2%2Fcomments&post=139604"}],"version-history":[{"count":1,"href":"https:\/\/www.ocorreionews.com.br\/acervo-correio\/index.php?rest_route=\/wp\/v2\/posts\/139604\/revisions"}],"predecessor-version":[{"id":139605,"href":"https:\/\/www.ocorreionews.com.br\/acervo-correio\/index.php?rest_route=\/wp\/v2\/posts\/139604\/revisions\/139605"}],"wp:featuredmedia":[{"embeddable":true,"href":"https:\/\/www.ocorreionews.com.br\/acervo-correio\/index.php?rest_route=\/wp\/v2\/media\/96405"}],"wp:attachment":[{"href":"https:\/\/www.ocorreionews.com.br\/acervo-correio\/index.php?rest_route=%2Fwp%2Fv2%2Fmedia&parent=139604"}],"wp:term":[{"taxonomy":"category","embeddable":true,"href":"https:\/\/www.ocorreionews.com.br\/acervo-correio\/index.php?rest_route=%2Fwp%2Fv2%2Fcategories&post=139604"},{"taxonomy":"post_tag","embeddable":true,"href":"https:\/\/www.ocorreionews.com.br\/acervo-correio\/index.php?rest_route=%2Fwp%2Fv2%2Ftags&post=139604"}],"curies":[{"name":"wp","href":"https:\/\/api.w.org\/{rel}","templated":true}]}}