{"id":139608,"date":"2020-03-24T18:13:30","date_gmt":"2020-03-24T22:13:30","guid":{"rendered":"https:\/\/www.ocorreionews.com.br\/acervo-correio\/?p=139608"},"modified":"2020-03-24T18:13:30","modified_gmt":"2020-03-24T22:13:30","slug":"ms-com-suspeita-de-coronavirus-bebe-de-3-meses-morre-no-hr","status":"publish","type":"post","link":"https:\/\/www.ocorreionews.com.br\/acervo-correio\/?p=139608","title":{"rendered":"MS: Com suspeita de coronav\u00edrus, beb\u00ea de 3 meses morre no HR"},"content":{"rendered":"<p>&nbsp;<\/p>\n<p>Um beb\u00ea, menino de apenas 3 meses, morreu nesta ter\u00e7a-feira (24) no Hospital Regional de Mato Grosso do Sul. A suspeita dos m\u00e9dicos \u00e9 que ele tivesse a Covid-19, doen\u00e7a causada pelo novo coronav\u00edrus, embora Bela Vista, cidade onde vivia, n\u00e3o tenha casos confirmados da doen\u00e7a ou outros em investiga\u00e7\u00e3o.<\/p>\n<p>S\u00f3 os testes feitos pelo Lacen (Laborat\u00f3rio Central) poder\u00e3o confirmar se a crian\u00e7a tinha o v\u00edrus que se espalhou pelo mundo. \u201cO resultado demora at\u00e9 72 horas para sair, mas j\u00e1 conversamos com a SES [Secretaria de Estado de Sa\u00fade] e passar\u00e3o na frente porque se trata de morte\u201d, explicou a secret\u00e1ria de sa\u00fade de Bela Vista, Maria Paula Melo.<\/p>\n<p>O beb\u00ea havia sido internado no hospital da cidade do interior e foi transferido na tarde de ontem para o HR de Campo Grande, refer\u00eancia para tratar a Covid-19, na condi\u00e7\u00e3o \u201cvaga zero\u201d, quando a unidade de sa\u00fade n\u00e3o espera o direcionamento da central de regula\u00e7\u00e3o por se tratar de caso extremamente grave.<\/p>\n<p>\u201cEle teve pneumonias recorrentes, os rins j\u00e1 estavam em fal\u00eancia e o cora\u00e7\u00e3o inchado. Mas, n\u00f3s n\u00e3o tivemos nem acesso ainda ao atestado de \u00f3bito para saber como ficou a causa da morte\u201d, explicou a secret\u00e1ria. Ela afirma que apesar do estado grav\u00edssimo, a crian\u00e7a n\u00e3o estava usando respirador quando deixou o munic\u00edpio.<\/p>\n<p>Maria Paula informou ainda que o translado do corpo j\u00e1 foi providenciado. A fam\u00edlia e a funer\u00e1ria foram orientadas sobre o vel\u00f3rio, que deve durar no m\u00e1ximo quatro horas, n\u00e3o servir comida e \u00e1gua, n\u00e3o aglomerar pessoas. Idosos, crian\u00e7as e gestantes tamb\u00e9m n\u00e3o devem ir \u00e0 despedida. O sepultamento est\u00e1 previsto para acontecer ainda hoje, \u00e0 noite. &#8211;<\/p>\n<p>&nbsp;<\/p>\n<p>*CAMPO GRANDE NEWS &#8211; Anahi Zurutuza<\/p>\n","protected":false},"excerpt":{"rendered":"<p>&nbsp; Um beb\u00ea, menino de apenas 3 meses, morreu nesta ter\u00e7a-feira (24) no Hospital Regional de Mato Grosso do Sul. A suspeita dos m\u00e9dicos \u00e9 que ele tivesse a Covid-19, doen\u00e7a causada pelo novo coronav\u00edrus, embora Bela Vista, cidade onde vivia, n\u00e3o tenha casos confirmados da doen\u00e7a ou outros em investiga\u00e7\u00e3o. S\u00f3 os testes feitos [&hellip;]<\/p>\n","protected":false},"author":5,"featured_media":139609,"comment_status":"closed","ping_status":"closed","sticky":false,"template":"","format":"standard","meta":{"footnotes":""},"categories":[39],"tags":[],"class_list":["post-139608","post","type-post","status-publish","format-standard","has-post-thumbnail","hentry","category-saude"],"_links":{"self":[{"href":"https:\/\/www.ocorreionews.com.br\/acervo-correio\/index.php?rest_route=\/wp\/v2\/posts\/139608","targetHints":{"allow":["GET"]}}],"collection":[{"href":"https:\/\/www.ocorreionews.com.br\/acervo-correio\/index.php?rest_route=\/wp\/v2\/posts"}],"about":[{"href":"https:\/\/www.ocorreionews.com.br\/acervo-correio\/index.php?rest_route=\/wp\/v2\/types\/post"}],"author":[{"embeddable":true,"href":"https:\/\/www.ocorreionews.com.br\/acervo-correio\/index.php?rest_route=\/wp\/v2\/users\/5"}],"replies":[{"embeddable":true,"href":"https:\/\/www.ocorreionews.com.br\/acervo-correio\/index.php?rest_route=%2Fwp%2Fv2%2Fcomments&post=139608"}],"version-history":[{"count":1,"href":"https:\/\/www.ocorreionews.com.br\/acervo-correio\/index.php?rest_route=\/wp\/v2\/posts\/139608\/revisions"}],"predecessor-version":[{"id":139610,"href":"https:\/\/www.ocorreionews.com.br\/acervo-correio\/index.php?rest_route=\/wp\/v2\/posts\/139608\/revisions\/139610"}],"wp:featuredmedia":[{"embeddable":true,"href":"https:\/\/www.ocorreionews.com.br\/acervo-correio\/index.php?rest_route=\/wp\/v2\/media\/139609"}],"wp:attachment":[{"href":"https:\/\/www.ocorreionews.com.br\/acervo-correio\/index.php?rest_route=%2Fwp%2Fv2%2Fmedia&parent=139608"}],"wp:term":[{"taxonomy":"category","embeddable":true,"href":"https:\/\/www.ocorreionews.com.br\/acervo-correio\/index.php?rest_route=%2Fwp%2Fv2%2Fcategories&post=139608"},{"taxonomy":"post_tag","embeddable":true,"href":"https:\/\/www.ocorreionews.com.br\/acervo-correio\/index.php?rest_route=%2Fwp%2Fv2%2Ftags&post=139608"}],"curies":[{"name":"wp","href":"https:\/\/api.w.org\/{rel}","templated":true}]}}