{"id":139806,"date":"2020-03-26T15:21:29","date_gmt":"2020-03-26T19:21:29","guid":{"rendered":"https:\/\/www.ocorreionews.com.br\/acervo-correio\/?p=139806"},"modified":"2020-03-26T15:27:04","modified_gmt":"2020-03-26T19:27:04","slug":"jornalista-abre-processo-por-calunia-e-difamacao-contra-comerciante-em-paraiso-das-aguas","status":"publish","type":"post","link":"https:\/\/www.ocorreionews.com.br\/acervo-correio\/?p=139806","title":{"rendered":"Jornalista abre processo por calunia e difama\u00e7\u00e3o contra comerciante em Para\u00edso das \u00c1guas"},"content":{"rendered":"<p>Nesta quinta-feira 26, o jornalista e diretor do Site Britonews, Fernando Brito, compareceu a delegacia de pol\u00edcia do munic\u00edpio de Para\u00edso das Aguas, onde registrou um Boletim de Ocorr\u00eancia, contra um comerciante da cidade, por cal\u00fania e difama\u00e7\u00e3o contra a sua pessoa.<\/p>\n<p>Consta no BO, que a v\u00edtima tomou conhecimento atrav\u00e9s de um grupo de WhatsApp, denominado com\u00e9rcio\/servi\u00e7os- Para\u00edso, que um dos membros do grupo, de 46 anos, postou um \u00e1udio de dois minutos, queixando do Decreto do Poder P\u00fablico Municipal e, neste \u00e1udio, denegrindo a Imagem de funcion\u00e1rios p\u00fablicos, dentre eles o comunicante, chamando-os de \u201cvagabundos, cambada de sem vergonha entre outros\u201d.<\/p>\n<p>H\u00e1 informa\u00e7\u00f5es, que dois vereadores, a jornalista e o fotografo da prefeitura tamb\u00e9m entrou com o processo de cal\u00fania, inj\u00faria e difama\u00e7\u00e3o contra o comerciante.<\/p>\n<p>Segundo informa\u00e7\u00f5es, o acusado n\u00e3o concordou com o Decreto do Executivo e passou a acusar a todos.<\/p>\n<p>Com o registro da ocorr\u00eancia caber\u00e1 \u00e0 justi\u00e7a investigar os fatos, aonde testemunhas dever\u00e3o ser arroladas.<\/p>\n","protected":false},"excerpt":{"rendered":"<p>Nesta quinta-feira 26, o jornalista e diretor do Site Britonews, Fernando Brito, compareceu a delegacia de pol\u00edcia do munic\u00edpio de Para\u00edso das Aguas, onde registrou um Boletim de Ocorr\u00eancia, contra um comerciante da cidade, por cal\u00fania e difama\u00e7\u00e3o contra a sua pessoa. Consta no BO, que a v\u00edtima tomou conhecimento atrav\u00e9s de um grupo de [&hellip;]<\/p>\n","protected":false},"author":4,"featured_media":139807,"comment_status":"closed","ping_status":"closed","sticky":false,"template":"","format":"standard","meta":{"footnotes":""},"categories":[41,36,38],"tags":[],"class_list":["post-139806","post","type-post","status-publish","format-standard","has-post-thumbnail","hentry","category-destaque","category-paraiso-das-aguas","category-policia"],"_links":{"self":[{"href":"https:\/\/www.ocorreionews.com.br\/acervo-correio\/index.php?rest_route=\/wp\/v2\/posts\/139806","targetHints":{"allow":["GET"]}}],"collection":[{"href":"https:\/\/www.ocorreionews.com.br\/acervo-correio\/index.php?rest_route=\/wp\/v2\/posts"}],"about":[{"href":"https:\/\/www.ocorreionews.com.br\/acervo-correio\/index.php?rest_route=\/wp\/v2\/types\/post"}],"author":[{"embeddable":true,"href":"https:\/\/www.ocorreionews.com.br\/acervo-correio\/index.php?rest_route=\/wp\/v2\/users\/4"}],"replies":[{"embeddable":true,"href":"https:\/\/www.ocorreionews.com.br\/acervo-correio\/index.php?rest_route=%2Fwp%2Fv2%2Fcomments&post=139806"}],"version-history":[{"count":1,"href":"https:\/\/www.ocorreionews.com.br\/acervo-correio\/index.php?rest_route=\/wp\/v2\/posts\/139806\/revisions"}],"predecessor-version":[{"id":139809,"href":"https:\/\/www.ocorreionews.com.br\/acervo-correio\/index.php?rest_route=\/wp\/v2\/posts\/139806\/revisions\/139809"}],"wp:featuredmedia":[{"embeddable":true,"href":"https:\/\/www.ocorreionews.com.br\/acervo-correio\/index.php?rest_route=\/wp\/v2\/media\/139807"}],"wp:attachment":[{"href":"https:\/\/www.ocorreionews.com.br\/acervo-correio\/index.php?rest_route=%2Fwp%2Fv2%2Fmedia&parent=139806"}],"wp:term":[{"taxonomy":"category","embeddable":true,"href":"https:\/\/www.ocorreionews.com.br\/acervo-correio\/index.php?rest_route=%2Fwp%2Fv2%2Fcategories&post=139806"},{"taxonomy":"post_tag","embeddable":true,"href":"https:\/\/www.ocorreionews.com.br\/acervo-correio\/index.php?rest_route=%2Fwp%2Fv2%2Ftags&post=139806"}],"curies":[{"name":"wp","href":"https:\/\/api.w.org\/{rel}","templated":true}]}}