{"id":140627,"date":"2020-04-06T13:17:32","date_gmt":"2020-04-06T17:17:32","guid":{"rendered":"https:\/\/www.ocorreionews.com.br\/acervo-correio\/?p=140627"},"modified":"2020-04-06T13:17:32","modified_gmt":"2020-04-06T17:17:32","slug":"profissional-da-saude-e-o-primeiro-caso-suspeito-de-covid-19-em-cassilandia","status":"publish","type":"post","link":"https:\/\/www.ocorreionews.com.br\/acervo-correio\/?p=140627","title":{"rendered":"Profissional da Sa\u00fade \u00e9 o primeiro caso suspeito de Covid 19 em Cassil\u00e2ndia"},"content":{"rendered":"<p>A enfermeira Thaisa de Castro estava indignada com parte da popula\u00e7\u00e3o cassilandense que n\u00e3o est\u00e1 obedecendo o isolamento social. Na manh\u00e3 de hoje ela comunicou a Comiss\u00e3o Covid 19 do munic\u00edpio o primeiro caso suspeito no munic\u00edpio de Coronav\u00edrus<\/p>\n<p>&#8221; Bom dia Comiss\u00e3o. Me sinto na obriga\u00e7\u00e3o de informar a todos aqui, pois entendo que voc\u00eas enquanto comiss\u00e3o podem nos auxiliar na divulga\u00e7\u00e3o das orienta\u00e7\u00f5es, medidas de preven\u00e7\u00e3o e controle, e como solto o boletim somente no final da tarde entendo que n\u00e3o podemos \u201cesperar\u201d pra agir<br \/>\nTemos o primeiro caso suspeito no munic\u00edpio de Cassilandia<br \/>\nTrata-se de uma pessoa da \u00e1rea da sa\u00fade, est\u00e1 mantida em isolamento domiciliar, vai ser realizado coleta de exame visto que a pessoa se enquadra nos crit\u00e9rios pra isso.<br \/>\nObservamos que os mun\u00edcipes n\u00e3o est\u00e3o levando a s\u00e9rio a situa\u00e7\u00e3o do Coronav\u00edrus, est\u00e3o circulando normalmente pela cidade, pelos com\u00e9rcios, fazendo piadinhas sobre o v\u00edrus, enfim, nada que seja novidade pra n\u00f3s. Vejo que \u00e9 nosso papel refor\u00e7ar as orienta\u00e7\u00f5es de isolamento social, agora mais do que nunca.&#8221;<\/p>\n<p>Informa\u00e7\u00f5es do Cassilandianoticias<\/p>\n","protected":false},"excerpt":{"rendered":"<p>A enfermeira Thaisa de Castro estava indignada com parte da popula\u00e7\u00e3o cassilandense que n\u00e3o est\u00e1 obedecendo o isolamento social. Na manh\u00e3 de hoje ela comunicou a Comiss\u00e3o Covid 19 do munic\u00edpio o primeiro caso suspeito no munic\u00edpio de Coronav\u00edrus &#8221; Bom dia Comiss\u00e3o. Me sinto na obriga\u00e7\u00e3o de informar a todos aqui, pois entendo que [&hellip;]<\/p>\n","protected":false},"author":4,"featured_media":140632,"comment_status":"closed","ping_status":"closed","sticky":false,"template":"","format":"standard","meta":{"footnotes":""},"categories":[41,39],"tags":[],"class_list":["post-140627","post","type-post","status-publish","format-standard","has-post-thumbnail","hentry","category-destaque","category-saude"],"_links":{"self":[{"href":"https:\/\/www.ocorreionews.com.br\/acervo-correio\/index.php?rest_route=\/wp\/v2\/posts\/140627","targetHints":{"allow":["GET"]}}],"collection":[{"href":"https:\/\/www.ocorreionews.com.br\/acervo-correio\/index.php?rest_route=\/wp\/v2\/posts"}],"about":[{"href":"https:\/\/www.ocorreionews.com.br\/acervo-correio\/index.php?rest_route=\/wp\/v2\/types\/post"}],"author":[{"embeddable":true,"href":"https:\/\/www.ocorreionews.com.br\/acervo-correio\/index.php?rest_route=\/wp\/v2\/users\/4"}],"replies":[{"embeddable":true,"href":"https:\/\/www.ocorreionews.com.br\/acervo-correio\/index.php?rest_route=%2Fwp%2Fv2%2Fcomments&post=140627"}],"version-history":[{"count":1,"href":"https:\/\/www.ocorreionews.com.br\/acervo-correio\/index.php?rest_route=\/wp\/v2\/posts\/140627\/revisions"}],"predecessor-version":[{"id":140633,"href":"https:\/\/www.ocorreionews.com.br\/acervo-correio\/index.php?rest_route=\/wp\/v2\/posts\/140627\/revisions\/140633"}],"wp:featuredmedia":[{"embeddable":true,"href":"https:\/\/www.ocorreionews.com.br\/acervo-correio\/index.php?rest_route=\/wp\/v2\/media\/140632"}],"wp:attachment":[{"href":"https:\/\/www.ocorreionews.com.br\/acervo-correio\/index.php?rest_route=%2Fwp%2Fv2%2Fmedia&parent=140627"}],"wp:term":[{"taxonomy":"category","embeddable":true,"href":"https:\/\/www.ocorreionews.com.br\/acervo-correio\/index.php?rest_route=%2Fwp%2Fv2%2Fcategories&post=140627"},{"taxonomy":"post_tag","embeddable":true,"href":"https:\/\/www.ocorreionews.com.br\/acervo-correio\/index.php?rest_route=%2Fwp%2Fv2%2Ftags&post=140627"}],"curies":[{"name":"wp","href":"https:\/\/api.w.org\/{rel}","templated":true}]}}