{"id":140628,"date":"2020-04-06T13:15:05","date_gmt":"2020-04-06T17:15:05","guid":{"rendered":"https:\/\/www.ocorreionews.com.br\/acervo-correio\/?p=140628"},"modified":"2020-04-06T13:15:05","modified_gmt":"2020-04-06T17:15:05","slug":"homem-morre-apos-ser-picado-por-abelhas-e-cair-de-moto-ao-tentar-ir-a-hospital-em-go","status":"publish","type":"post","link":"https:\/\/www.ocorreionews.com.br\/acervo-correio\/?p=140628","title":{"rendered":"Homem morre ap\u00f3s ser picado por abelhas e cair de moto ao tentar ir a hospital em GO"},"content":{"rendered":"<div class=\"mc-column content-text active-extra-styles \" data-block-type=\"unstyled\" data-block-weight=\"45\" data-block-id=\"2\">\n<p class=\"content-text__container \" data-track-category=\"Link no Texto\" data-track-links=\"\">Um homem de 49 anos morreu ap\u00f3s ter sido atacado por abelhas e cair de moto ao tentar chegar ao hospital de <a href=\"https:\/\/g1.globo.com\/go\/goias\/cidade\/acreuna\/\">Acre\u00fana<\/a>, no sudoeste de Goi\u00e1s. Segundo a Pol\u00edcia Rodovi\u00e1ria Federal, ele tinha alergia \u00e0s picadas do inseto e estava pescando quando foi ferroado.<\/p>\n<p data-track-category=\"Link no Texto\" data-track-links=\"\">\n<\/div>\n<div class=\"wall protected-content\">\n<div class=\"mc-column content-text active-extra-styles \" data-block-type=\"unstyled\" data-block-weight=\"45\" data-block-id=\"3\">\n<p class=\"content-text__container \" data-track-category=\"Link no Texto\" data-track-links=\"\">Isa\u00edas Jos\u00e9 Teixeira estava com amigos em um pesque pague na zona rural da cidade. O grupo foi surpreendido por um enxame de abelhas e pelo menos seis pessoas foram picadas. Assustado, Isa\u00edas pegou a moto e decidiu ir at\u00e9 um hospital para ser atendido.<\/p>\n<p data-track-category=\"Link no Texto\" data-track-links=\"\">\n<\/div>\n<div class=\"mc-column content-text active-extra-styles \" data-block-type=\"unstyled\" data-block-weight=\"33\" data-block-id=\"4\">\n<p class=\"content-text__container \" data-track-category=\"Link no Texto\" data-track-links=\"\">A PRF acredita que ele tenha passado mal enquanto pilotava pela BR-060 e ca\u00eddo da moto. Pessoas que passavam pela rodovia tentaram ajudar, mas quando o socorro chegou ele j\u00e1 estava sem vida.<\/p>\n<\/div>\n<\/div>\n<p data-track-category=\"Link no Texto\" data-track-links=\"\">\n<p data-track-category=\"Link no Texto\" data-track-links=\"\">\n<p data-track-category=\"Link no Texto\" data-track-links=\"\">\n<p class=\"content-publication-data__from\" title=\"Vitor Santana, G1 GO\">Por Vitor Santana, G1 GO<\/p>\n","protected":false},"excerpt":{"rendered":"<p>Um homem de 49 anos morreu ap\u00f3s ter sido atacado por abelhas e cair de moto ao tentar chegar ao hospital de Acre\u00fana, no sudoeste de Goi\u00e1s. Segundo a Pol\u00edcia Rodovi\u00e1ria Federal, ele tinha alergia \u00e0s picadas do inseto e estava pescando quando foi ferroado. Isa\u00edas Jos\u00e9 Teixeira estava com amigos em um pesque pague [&hellip;]<\/p>\n","protected":false},"author":5,"featured_media":140630,"comment_status":"closed","ping_status":"closed","sticky":false,"template":"","format":"standard","meta":{"footnotes":""},"categories":[38],"tags":[],"class_list":["post-140628","post","type-post","status-publish","format-standard","has-post-thumbnail","hentry","category-policia"],"_links":{"self":[{"href":"https:\/\/www.ocorreionews.com.br\/acervo-correio\/index.php?rest_route=\/wp\/v2\/posts\/140628","targetHints":{"allow":["GET"]}}],"collection":[{"href":"https:\/\/www.ocorreionews.com.br\/acervo-correio\/index.php?rest_route=\/wp\/v2\/posts"}],"about":[{"href":"https:\/\/www.ocorreionews.com.br\/acervo-correio\/index.php?rest_route=\/wp\/v2\/types\/post"}],"author":[{"embeddable":true,"href":"https:\/\/www.ocorreionews.com.br\/acervo-correio\/index.php?rest_route=\/wp\/v2\/users\/5"}],"replies":[{"embeddable":true,"href":"https:\/\/www.ocorreionews.com.br\/acervo-correio\/index.php?rest_route=%2Fwp%2Fv2%2Fcomments&post=140628"}],"version-history":[{"count":1,"href":"https:\/\/www.ocorreionews.com.br\/acervo-correio\/index.php?rest_route=\/wp\/v2\/posts\/140628\/revisions"}],"predecessor-version":[{"id":140631,"href":"https:\/\/www.ocorreionews.com.br\/acervo-correio\/index.php?rest_route=\/wp\/v2\/posts\/140628\/revisions\/140631"}],"wp:featuredmedia":[{"embeddable":true,"href":"https:\/\/www.ocorreionews.com.br\/acervo-correio\/index.php?rest_route=\/wp\/v2\/media\/140630"}],"wp:attachment":[{"href":"https:\/\/www.ocorreionews.com.br\/acervo-correio\/index.php?rest_route=%2Fwp%2Fv2%2Fmedia&parent=140628"}],"wp:term":[{"taxonomy":"category","embeddable":true,"href":"https:\/\/www.ocorreionews.com.br\/acervo-correio\/index.php?rest_route=%2Fwp%2Fv2%2Fcategories&post=140628"},{"taxonomy":"post_tag","embeddable":true,"href":"https:\/\/www.ocorreionews.com.br\/acervo-correio\/index.php?rest_route=%2Fwp%2Fv2%2Ftags&post=140628"}],"curies":[{"name":"wp","href":"https:\/\/api.w.org\/{rel}","templated":true}]}}