{"id":140736,"date":"2020-04-07T13:05:15","date_gmt":"2020-04-07T17:05:15","guid":{"rendered":"https:\/\/www.ocorreionews.com.br\/acervo-correio\/?p=140736"},"modified":"2020-04-07T13:05:15","modified_gmt":"2020-04-07T17:05:15","slug":"com-2-mortes-ms-atinge-80-casos-e-coronavirus-ja-chegou-a-todas-as-regioes-do-estado","status":"publish","type":"post","link":"https:\/\/www.ocorreionews.com.br\/acervo-correio\/?p=140736","title":{"rendered":"Com 2 mortes, MS atinge 80 casos e coronav\u00edrus j\u00e1 chegou a todas as regi\u00f5es do Estado"},"content":{"rendered":"<p>Com m\u00e1scaras pela primeira vez nas transmiss\u00f5es ao vivo, o secret\u00e1rio Estadual de Sa\u00fade Geraldo Resende, o secret\u00e1rio de Governo Eduardo Riedel e a secret\u00e1ria adjunta Cristina Maymone apresentaram os dados do novo coronav\u00edrus em Mato Grosso do Sul nesta ter\u00e7a-feira (7), que chegou a 80 casos confirmados e dois \u00f3bitos.<\/p>\n<p>Com um aumento de 14 casos desde a segunda, o Estado tem agora casos de Covid-19 em todas as quatro macrorregi\u00f5es de Sa\u00fade do Estado. S\u00e3o 48 casos em Campo Grande, 9 em Nova Andradina, 6 em Bataypor\u00e3, 6 em Dourados, 3 em Tr\u00eas Lagoas, 2 em Chapad\u00e3o do Sul e um caso em cada uma das cidades: Corumb\u00e1, Sidrol\u00e2ndia, Ponta Por\u00e3, Sonora, Alcin\u00f3polis e Rio Verde de Mato Grosso.<\/p>\n<p>Ao todo, s\u00e3o\u00a0753 casos notificados, 26 em investiga\u00e7\u00e3o, 635 descartados, 12 exclu\u00eddos e duas mortes. 29 pessoas est\u00e3o em isolamento domiciliar no Estado, sendo que 33 finalizaram a quarentena, 16 permanecem internados, cinco em leitos do SUS e 11 em cl\u00ednicas privadas.<\/p>\n<p>A maior quantidade de casos ainda \u00e9 em mulheres no Estado, sendo 56% dos pacientes e a maior quantidade de casos s\u00e3o em pessoas entre 30 e 39 anos.<\/p>\n<figure id=\"attachment_1052488\" class=\"wp-caption aligncenter\" aria-describedby=\"caption-attachment-1052488\"><img loading=\"lazy\" decoding=\"async\" class=\"size-large wp-image-1052488 b-loaded\" src=\"https:\/\/cdn.midiamax.com.br\/elasticbeanstalk-us-west-2-809048387867\/uploads\/2020\/04\/idade-680x392.jpeg\" sizes=\"auto, (max-width: 680px) 100vw, 680px\" srcset=\"https:\/\/cdn.midiamax.com.br\/elasticbeanstalk-us-west-2-809048387867\/uploads\/2020\/04\/idade-680x392.jpeg 680w, https:\/\/cdn.midiamax.com.br\/elasticbeanstalk-us-west-2-809048387867\/uploads\/2020\/04\/idade-320x184.jpeg 320w, https:\/\/cdn.midiamax.com.br\/elasticbeanstalk-us-west-2-809048387867\/uploads\/2020\/04\/idade-768x442.jpeg 768w, https:\/\/cdn.midiamax.com.br\/elasticbeanstalk-us-west-2-809048387867\/uploads\/2020\/04\/idade.jpeg 863w\" alt=\"\" width=\"680\" height=\"392\" \/><figcaption id=\"caption-attachment-1052488\" class=\"wp-caption-text\">Casos por idade em MS<\/figcaption><\/figure>\n<p>Resende afirmou em coletiva que MS \u00e9 o segundo pior Estado do pa\u00eds em termos de isolamento, perdendo apenas para o Tocantins. \u201cTem muitas pessoas nas ruas e o Estado nesta posi\u00e7\u00e3o \u00e9 extremamente vergonhoso. Volto a pedir para que as pessoas evitem andar nas ruas e saiam apenas para o necess\u00e1rio\u201d, disse.<\/p>\n<p>Mesmo ainda sem <a href=\"https:\/\/www.midiamax.com.br\/cotidiano\/2020\/secretario-pede-a-reinaldo-decreto-para-recomendar-uso-de-mascaras-nas-ruas-em-ms\">decreto do governo estadual<\/a>, existe recomenda\u00e7\u00e3o do Minist\u00e9rio da Sa\u00fade para que as pessoas s\u00f3 saiam de casa de m\u00e1scaras. At\u00e9 mesmo as caseiras s\u00e3o eficientes. O Jornal Midiamax mostrou como fazer uma aqui.<\/p>\n<p>&nbsp;<\/p>\n<p>&nbsp;<\/p>\n<p>Midiamax &#8211; Evelin C\u00e1ceres <time class=\"post-published updated\" datetime=\"2020-04-07T11:11:33-04:00\"><\/time><\/p>\n","protected":false},"excerpt":{"rendered":"<p>Com m\u00e1scaras pela primeira vez nas transmiss\u00f5es ao vivo, o secret\u00e1rio Estadual de Sa\u00fade Geraldo Resende, o secret\u00e1rio de Governo Eduardo Riedel e a secret\u00e1ria adjunta Cristina Maymone apresentaram os dados do novo coronav\u00edrus em Mato Grosso do Sul nesta ter\u00e7a-feira (7), que chegou a 80 casos confirmados e dois \u00f3bitos. Com um aumento de [&hellip;]<\/p>\n","protected":false},"author":5,"featured_media":139574,"comment_status":"closed","ping_status":"closed","sticky":false,"template":"","format":"standard","meta":{"footnotes":""},"categories":[39],"tags":[],"class_list":["post-140736","post","type-post","status-publish","format-standard","has-post-thumbnail","hentry","category-saude"],"_links":{"self":[{"href":"https:\/\/www.ocorreionews.com.br\/acervo-correio\/index.php?rest_route=\/wp\/v2\/posts\/140736","targetHints":{"allow":["GET"]}}],"collection":[{"href":"https:\/\/www.ocorreionews.com.br\/acervo-correio\/index.php?rest_route=\/wp\/v2\/posts"}],"about":[{"href":"https:\/\/www.ocorreionews.com.br\/acervo-correio\/index.php?rest_route=\/wp\/v2\/types\/post"}],"author":[{"embeddable":true,"href":"https:\/\/www.ocorreionews.com.br\/acervo-correio\/index.php?rest_route=\/wp\/v2\/users\/5"}],"replies":[{"embeddable":true,"href":"https:\/\/www.ocorreionews.com.br\/acervo-correio\/index.php?rest_route=%2Fwp%2Fv2%2Fcomments&post=140736"}],"version-history":[{"count":1,"href":"https:\/\/www.ocorreionews.com.br\/acervo-correio\/index.php?rest_route=\/wp\/v2\/posts\/140736\/revisions"}],"predecessor-version":[{"id":140740,"href":"https:\/\/www.ocorreionews.com.br\/acervo-correio\/index.php?rest_route=\/wp\/v2\/posts\/140736\/revisions\/140740"}],"wp:featuredmedia":[{"embeddable":true,"href":"https:\/\/www.ocorreionews.com.br\/acervo-correio\/index.php?rest_route=\/wp\/v2\/media\/139574"}],"wp:attachment":[{"href":"https:\/\/www.ocorreionews.com.br\/acervo-correio\/index.php?rest_route=%2Fwp%2Fv2%2Fmedia&parent=140736"}],"wp:term":[{"taxonomy":"category","embeddable":true,"href":"https:\/\/www.ocorreionews.com.br\/acervo-correio\/index.php?rest_route=%2Fwp%2Fv2%2Fcategories&post=140736"},{"taxonomy":"post_tag","embeddable":true,"href":"https:\/\/www.ocorreionews.com.br\/acervo-correio\/index.php?rest_route=%2Fwp%2Fv2%2Ftags&post=140736"}],"curies":[{"name":"wp","href":"https:\/\/api.w.org\/{rel}","templated":true}]}}