{"id":140741,"date":"2020-04-07T13:11:06","date_gmt":"2020-04-07T17:11:06","guid":{"rendered":"https:\/\/www.ocorreionews.com.br\/acervo-correio\/?p=140741"},"modified":"2020-04-07T13:11:06","modified_gmt":"2020-04-07T17:11:06","slug":"ms-tem-segundo-pior-indice-de-isolamento-social-do-pais-na-quarentena-contra-a-covid-19-diz-secretario","status":"publish","type":"post","link":"https:\/\/www.ocorreionews.com.br\/acervo-correio\/?p=140741","title":{"rendered":"MS tem segundo pior \u00edndice de isolamento social do pa\u00eds na quarentena contra a covid-19, diz secret\u00e1rio"},"content":{"rendered":"<div class=\"mc-column content-text active-extra-styles \" data-block-type=\"unstyled\" data-block-weight=\"39\" data-block-id=\"2\">\n<p class=\"content-text__container \" data-track-category=\"Link no Texto\" data-track-links=\"\">Mato Grosso do Sul tem o segundo pior \u00edndice do pa\u00eds em isolamento social como medida para prevenir a dissemina\u00e7\u00e3o do coronav\u00edrus. A informa\u00e7\u00e3o foi apresentada na manh\u00e3 desta ter\u00e7a-feira (7) pelo secret\u00e1rio estadual de Sa\u00fade, Geraldo Resende.<\/p>\n<\/div>\n<div class=\"wall protected-content\">\n<div class=\"mc-column content-text active-extra-styles \" data-block-type=\"unstyled\" data-block-weight=\"44\" data-block-id=\"3\">\n<p class=\"content-text__container \" data-track-category=\"Link no Texto\" data-track-links=\"\">Segundo Resende, o estado tem um \u00edndice de 48,2%, ficando a frente apenas do \u00edndice de Tocantins, que foi de 46,7% e bem distante do patamar atingido pelo Distrito Federal \u2013 o mais alto do pa\u00eds, com 62,1% e de Goi\u00e1s, com 60,8%.<\/p>\n<p data-track-category=\"Link no Texto\" data-track-links=\"\">\n<\/div>\n<div class=\"mc-column content-text active-extra-styles \" data-block-type=\"unstyled\" data-block-weight=\"30\" data-block-id=\"4\">\n<p class=\"content-text__container \" data-track-category=\"Link no Texto\" data-track-links=\"\">O secret\u00e1rio reafirmou que o isolamento social, como preconizado pela Organiza\u00e7\u00e3o Mundial de Sa\u00fade (OMS) e o Minist\u00e9rio da Sa\u00fade, \u00e9 um dos principais instrumentos para prevenir a covid-19.<\/p>\n<p data-track-category=\"Link no Texto\" data-track-links=\"\">\n<\/div>\n<div class=\"mc-column content-text active-extra-styles \" data-block-type=\"unstyled\" data-block-weight=\"36\" data-block-id=\"5\">\n<p class=\"content-text__container \" data-track-category=\"Link no Texto\" data-track-links=\"\">Ele tamb\u00e9m apresentou um levantamento que aponta quais munic\u00edpios do estado est\u00e3o com menor percentual de ades\u00e3o ao isolamento: Aparecida do Taboado (42,6%), Costa Rica (42,5%), Cassil\u00e2ndia (41,60%), Nioaque (41,6%) e S\u00e3o Gabriel do Oeste (41,6%).<\/p>\n<p data-track-category=\"Link no Texto\" data-track-links=\"\">\n<\/div>\n<div class=\"mc-column content-text active-extra-styles \" data-block-type=\"unstyled\" data-block-weight=\"26\" data-block-id=\"6\">\n<p class=\"content-text__container \" data-track-category=\"Link no Texto\" data-track-links=\"\">Tamb\u00e9m revelou as cidades em que a medida vem obtendo a maior participa\u00e7\u00e3o: Bela Vista (73,1%), Coronel Sapucaia (67,4%), Lad\u00e1rio (66,8%), Jaraguari (63,5%) e vicentina (62,5%).<\/p>\n<p data-track-category=\"Link no Texto\" data-track-links=\"\">\n<\/div>\n<div class=\"mc-column content-text active-extra-styles \" data-block-type=\"unstyled\" data-block-weight=\"26\" data-block-id=\"7\">\n<p class=\"content-text__container \" data-track-category=\"Link no Texto\" data-track-links=\"\">De acordo com dados divulgados tamb\u00e9m nesta ter\u00e7a pelo governo do estado, Mato Grosso do Sul tem 80 casos confirmados de covid-19 em 12 munic\u00edpios<\/p>\n<\/div>\n<\/div>\n<p data-track-category=\"Link no Texto\" data-track-links=\"\">\n<p data-track-category=\"Link no Texto\" data-track-links=\"\"><a href=\"https:\/\/www.ocorreionews.com.br\/acervo-correio\/wp-content\/uploads\/2020\/04\/casos-covid.jpg\"><img loading=\"lazy\" decoding=\"async\" class=\"alignnone size-full wp-image-140744\" src=\"https:\/\/www.ocorreionews.com.br\/acervo-correio\/wp-content\/uploads\/2020\/04\/casos-covid.jpg\" alt=\"\" width=\"709\" height=\"508\" srcset=\"https:\/\/www.ocorreionews.com.br\/acervo-correio\/wp-content\/uploads\/2020\/04\/casos-covid.jpg 709w, https:\/\/www.ocorreionews.com.br\/acervo-correio\/wp-content\/uploads\/2020\/04\/casos-covid-300x215.jpg 300w\" sizes=\"auto, (max-width: 709px) 100vw, 709px\" \/><\/a><\/p>\n<div class=\"wall protected-content\">\n<div class=\"mc-column content-text active-extra-styles \" data-block-type=\"unstyled\" data-block-weight=\"38\" data-block-id=\"10\">\n<p class=\"content-text__container \" data-track-category=\"Link no Texto\" data-track-links=\"\">Al\u00e9m de fazer um apelo p\u00fablico pelo respeito ao isolamento social, Resende tamb\u00e9m fez uma recomenda\u00e7\u00e3o pelo uso da m\u00e1scara, como medida auxiliar no combate a pandemia. Ele destacou que o Minist\u00e9rio da Sa\u00fade tamb\u00e9m fez essa recomenda\u00e7\u00e3o.<\/p>\n<p data-track-category=\"Link no Texto\" data-track-links=\"\">\n<\/div>\n<div class=\"mc-column content-text active-extra-styles\" data-block-type=\"raw\" data-block-weight=\"8\" data-block-id=\"11\">\n<div class=\"content-intertitle\">\n<h2>Como funciona o sistema de monitoramento do isolamento<\/h2>\n<p>&nbsp;<\/p>\n<\/div>\n<\/div>\n<div class=\"mc-column content-text active-extra-styles \" data-block-type=\"unstyled\" data-block-weight=\"36\" data-block-id=\"12\">\n<p class=\"content-text__container \" data-track-category=\"Link no Texto\" data-track-links=\"\">Desde a semana passada o governo de Mato Grosso do Sul vem usando um sistema baseado em localizadores de telefone celular para medir o grau de comprometimento da popula\u00e7\u00e3o com o isolado social recomendado pela OMS.<\/p>\n<p data-track-category=\"Link no Texto\" data-track-links=\"\">\n<\/div>\n<div class=\"mc-column content-text active-extra-styles \" data-block-type=\"unstyled\" data-block-weight=\"29\" data-block-id=\"13\">\n<p class=\"content-text__container \" data-track-category=\"Link no Texto\" data-track-links=\"\">A ferramenta permite que o governo mapeie a movimenta\u00e7\u00e3o das pessoas dentro de regi\u00f5es espec\u00edficas e identifique os locais que est\u00e3o cumprindo ou n\u00e3o os protocolos de distanciamento social.<\/p>\n<p data-track-category=\"Link no Texto\" data-track-links=\"\">\n<\/div>\n<div data-track-category=\"multicontent\" data-track-action=\"ultimo chunk conteudo\" data-track-noninteraction=\"false\" data-track-scroll=\"view\">\n<div class=\"mc-column content-text active-extra-styles \" data-block-type=\"unstyled\" data-block-weight=\"37\" data-block-id=\"14\">\n<p class=\"content-text__container \" data-track-category=\"Link no Texto\" data-track-links=\"\">Os dados s\u00e3o coletados por meio do sistema de geolocaliza\u00e7\u00e3o dos celulares. Ent\u00e3o, toda vez que uma pessoa sai de casa e se desloca por mais de 450 metros o sistema identifica que ela saiu do isolamento.<\/p>\n<\/div>\n<\/div>\n<\/div>\n<p data-track-category=\"Link no Texto\" data-track-links=\"\">\n<p data-track-category=\"Link no Texto\" data-track-links=\"\">\n<p data-track-category=\"Link no Texto\" data-track-links=\"\">\n<p data-track-category=\"Link no Texto\" data-track-links=\"\">\n<p data-track-category=\"Link no Texto\" data-track-links=\"\">*G1-MS<\/p>\n","protected":false},"excerpt":{"rendered":"<p>Mato Grosso do Sul tem o segundo pior \u00edndice do pa\u00eds em isolamento social como medida para prevenir a dissemina\u00e7\u00e3o do coronav\u00edrus. A informa\u00e7\u00e3o foi apresentada na manh\u00e3 desta ter\u00e7a-feira (7) pelo secret\u00e1rio estadual de Sa\u00fade, Geraldo Resende. Segundo Resende, o estado tem um \u00edndice de 48,2%, ficando a frente apenas do \u00edndice de Tocantins, [&hellip;]<\/p>\n","protected":false},"author":5,"featured_media":140743,"comment_status":"closed","ping_status":"closed","sticky":false,"template":"","format":"standard","meta":{"footnotes":""},"categories":[39],"tags":[],"class_list":["post-140741","post","type-post","status-publish","format-standard","has-post-thumbnail","hentry","category-saude"],"_links":{"self":[{"href":"https:\/\/www.ocorreionews.com.br\/acervo-correio\/index.php?rest_route=\/wp\/v2\/posts\/140741","targetHints":{"allow":["GET"]}}],"collection":[{"href":"https:\/\/www.ocorreionews.com.br\/acervo-correio\/index.php?rest_route=\/wp\/v2\/posts"}],"about":[{"href":"https:\/\/www.ocorreionews.com.br\/acervo-correio\/index.php?rest_route=\/wp\/v2\/types\/post"}],"author":[{"embeddable":true,"href":"https:\/\/www.ocorreionews.com.br\/acervo-correio\/index.php?rest_route=\/wp\/v2\/users\/5"}],"replies":[{"embeddable":true,"href":"https:\/\/www.ocorreionews.com.br\/acervo-correio\/index.php?rest_route=%2Fwp%2Fv2%2Fcomments&post=140741"}],"version-history":[{"count":1,"href":"https:\/\/www.ocorreionews.com.br\/acervo-correio\/index.php?rest_route=\/wp\/v2\/posts\/140741\/revisions"}],"predecessor-version":[{"id":140746,"href":"https:\/\/www.ocorreionews.com.br\/acervo-correio\/index.php?rest_route=\/wp\/v2\/posts\/140741\/revisions\/140746"}],"wp:featuredmedia":[{"embeddable":true,"href":"https:\/\/www.ocorreionews.com.br\/acervo-correio\/index.php?rest_route=\/wp\/v2\/media\/140743"}],"wp:attachment":[{"href":"https:\/\/www.ocorreionews.com.br\/acervo-correio\/index.php?rest_route=%2Fwp%2Fv2%2Fmedia&parent=140741"}],"wp:term":[{"taxonomy":"category","embeddable":true,"href":"https:\/\/www.ocorreionews.com.br\/acervo-correio\/index.php?rest_route=%2Fwp%2Fv2%2Fcategories&post=140741"},{"taxonomy":"post_tag","embeddable":true,"href":"https:\/\/www.ocorreionews.com.br\/acervo-correio\/index.php?rest_route=%2Fwp%2Fv2%2Ftags&post=140741"}],"curies":[{"name":"wp","href":"https:\/\/api.w.org\/{rel}","templated":true}]}}