{"id":140756,"date":"2020-04-07T13:58:38","date_gmt":"2020-04-07T17:58:38","guid":{"rendered":"https:\/\/www.ocorreionews.com.br\/acervo-correio\/?p=140756"},"modified":"2020-04-07T14:10:31","modified_gmt":"2020-04-07T18:10:31","slug":"prefeitura-de-costa-rica-solicita-apuracao-rigorosa-dos-fatos-relacionados-a-video-divulgado-por-medico","status":"publish","type":"post","link":"https:\/\/www.ocorreionews.com.br\/acervo-correio\/?p=140756","title":{"rendered":"Prefeitura de Costa Rica solicita apura\u00e7\u00e3o rigorosa dos fatos relacionados a v\u00eddeo divulgado por m\u00e9dico"},"content":{"rendered":"<div class=\"marginBottom30px link-Internas\">\n<div>Ap\u00f3s tomar conhecimento de den\u00fancia publicada por meio de not\u00edcia no site Campo Grande News e ao receber a Nota de Esclarecimento da FHCR \u2013 Funda\u00e7\u00e3o Hospitalar de Costa Rica \u2013 MS, o prefeito Waldeli dos Santos Rosa vem a p\u00fablico informar as medidas que o Governo Municipal ir\u00e1 tomar para esclarecer os fatos.<\/div>\n<div><\/div>\n<div>Ao analisar a mat\u00e9ria e a Nota de Esclarecimento da Funda\u00e7\u00e3o Hospitalar de Costa Rica o Governo Municipal entendeu por bem encaminhar aos \u00f3rg\u00e3os competentes (listados abaixo) um Of\u00edcio solicitando apura\u00e7\u00e3o dos fatos denunciados e assim avaliar se houve ou n\u00e3o omiss\u00e3o na conduta.<\/div>\n<div><\/div>\n<div>Diante disso o Munic\u00edpio em nome do prefeito Waldeli dos Santos Rosa encaminhou Of\u00edcio ao MPE\/MS &#8211; Minist\u00e9rio P\u00fablico Estadual de Mato Grosso do Sul \u2013 para apura\u00e7\u00e3o rigorosa dos fatos relacionados a Funda\u00e7\u00e3o Hospitalar de Costa Rica; ao m\u00e9dico plantonista, ao investigador de Pol\u00edcia de Pol\u00edcia Civil e ao Delegado de Pol\u00edcia Civil,<\/div>\n<div><\/div>\n<div><strong>Of\u00edcio segue com c\u00f3pia \u00e0:<\/strong><\/div>\n<div>\u2022 DGPC &#8211;\u00a0 Corregedoria-Geral da Pol\u00edcia Civil;<\/div>\n<div>\u2022 Delegado Geral de Pol\u00edcia Civil, Dr. Marcio Rogerio Faria Cust\u00f3dio;<\/div>\n<div>\u2022 Delegado Regional de Pol\u00edcia de Parana\u00edba \u2013 MS, Wallace Martins Borges;<\/div>\n<div>\u2022 Juiz Eleitoral da 38\u00aa Zona, Dr. Francisco Soliman;<\/div>\n<div>\u2022 CRM\/SP \u2013 Conselho Regional de Medicina de S\u00e3o Paulo.<\/div>\n<div style=\"text-align: center;\"><\/div>\n<div style=\"text-align: center;\">Waldeli dos Santos Rosa<\/div>\n<div style=\"text-align: center;\">Prefeito de Costa Rica &#8211; MS<\/div>\n<\/div>\n<p>&nbsp;<\/p>\n<p><strong>Confira abaixo a nota da Funda\u00e7\u00e3o Hospitalar de Costa Rica:<\/strong><\/p>\n<p>&nbsp;<\/p>\n<div>A FHCR \u2013 Funda\u00e7\u00e3o Hospitalar de Costa Rica \u2013 MS em nome da sua diretoria geral Fernanda Berigo vem a p\u00fablico esclarecer a demiss\u00e3o do m\u00e9dico Murilo Duarte Carmo.<\/div>\n<div><\/div>\n<div>O m\u00e9dico Murilo Duarte Carmo foi contratado pela Funda\u00e7\u00e3o Hospitalar de Costa Rica no 16 de mar\u00e7o e realizou seu primeiro plant\u00e3o no hospital no dia 21 de mar de 2020, sendo desligado no dia 31 de mar\u00e7o do mesmo ano, antes mesmo de completar um m\u00eas trabalhando na unidade hospitalar.<\/div>\n<div><\/div>\n<div>A FHCR confirma que o m\u00e9dico teve todos os seus direitos assegurados e pagos integralmente.<\/div>\n<div><\/div>\n<div>Com rela\u00e7\u00e3o ao v\u00eddeo recentemente divulgado pelo m\u00e9dico ao site de not\u00edcias Campo Grande News, onde ele estaria denunciando desrespeito ao protocolo do Coronav\u00edrus, ap\u00f3s morte do senhor S.N.L, de 58 anos, o que n\u00e3o \u00e9 verdade, a diretoria da Funda\u00e7\u00e3o Hospitalar esclarece que a demiss\u00e3o do referido m\u00e9dico n\u00e3o foi por ato isolado sobre postagem do v\u00eddeo, mas sim por se tratar de uma contrata\u00e7\u00e3o recente, e que mediante ao alto n\u00famero de reclama\u00e7\u00f5es da equipe de trabalho e em decorr\u00eancia da sua des\u00eddia, conforme listado abaixo a diretoria do hospital achou por bem fazer o desligamento.<\/div>\n<div><\/div>\n<div>O que pesa tamb\u00e9m sobre ele \u00e9 o descumprimento de hor\u00e1rio em uma escala de pronto atendimento de urg\u00eancia e emerg\u00eancia, tal falta que n\u00e3o \u00e9 admitida no hospital.<\/div>\n<div><\/div>\n<div><strong>A diretoria do hospital esclarece que a demiss\u00e3o do m\u00e9dico ocorreu devido a v\u00e1rios fatores, conforme relatos abaixo:<\/strong><\/div>\n<div><\/div>\n<div><strong>\u00d3BITO<\/strong><\/div>\n<div>\u2022 Na madrugada do dia 21 de mar\u00e7o de 2020, a 00h57, o paciente S.N.L, de 58 anos deu entrada na Funda\u00e7\u00e3o Hospitalar de Costa Rica sendo atendido por outro m\u00e9dico plantonista que colocou em seu prontu\u00e1rio como diagnostico principal gastrite e interrogando para hepatite. O paciente foi medicado e liberado de alta hospital;<\/div>\n<div><\/div>\n<div>\u2022 Mas, o paciente retorna no mesmo dia (21\/03), \u00e0s 08h57 no hospital onde foi consultado pelo m\u00e9dico plantonista Dr. Murilo que estava no seu primeiro plant\u00e3o. S.N.L relatou dor abdominal h\u00e1 mais ou menos tr\u00eas dias, o mesmo foi novamente medicado e liberado pelo m\u00e9dico plantonista;<\/div>\n<div><\/div>\n<div>\u2022 J\u00e1 no seu segundo plant\u00e3o realizado na Funda\u00e7\u00e3o Hospitalar no dia 22 de mar\u00e7o de 2020 (domingo), aconteceu o \u00f3bito do senhor S.N.L, de 58 anos. Diante do ocorrido, Dr. Murilo solicitou a presen\u00e7a da m\u00e9dica coordenadora do CMPEC \u2013 Comit\u00ea Municipal de Preven\u00e7\u00e3o e Enfretamento ao Coronav\u00edrus \u2013 Dra. Vanessa Piovesan que foi acompanhada da diretoria do hospital Fernanda (ambas j\u00e1 estavam na unidade), quando Dr. Murilo passou o quadro cl\u00ednico do paciente para Dra Vanessa e no momento foi indagado sobre os sinais e sintomas do paciente quando o m\u00e9dico relata a aus\u00eancia de febre, quadro gripal e nega viagem nos \u00faltimos 14 dias e\/ou contato que poderiam ser casos suspeitos. Relata ainda que o mesmo paciente tinha sido consultado por ele anteriormente com quadro de dor abdominal difusa;<\/div>\n<div><\/div>\n<div>\u2022 Diante do relato do m\u00e9dico Dr. Murilo em rela\u00e7\u00e3o ao quadro cl\u00ednico do paciente, a m\u00e9dica respons\u00e1vel seguiu todos os protocolos da OMS \u2013 Organiza\u00e7\u00e3o Mundial de Sa\u00fade \u2013 onde n\u00e3o foi confirmado nenhum ind\u00edcio de suspeita de Covid-19, ou seja, n\u00e3o haviam sinais e nem sintomas que levassem a suspeita do v\u00edrus;<\/div>\n<div><\/div>\n<div>\u2022 Em seguida, a m\u00e9dica Dr. Vanessa, o m\u00e9dico assistencial Dr. Murilo e a diretora da Funda\u00e7\u00e3o Fernanda foram conversar com a fam\u00edlia do paciente para realizar o protocolo de investiga\u00e7\u00e3o adotado pelo CMPEC para descartar por definitivo a possibilidade de suspeita de Coronav\u00edrus, onde todas as respostas da fam\u00edlia descartavam a suspeita do v\u00edrus;<\/div>\n<div><\/div>\n<div>\u2022 Por fim foi comunicado a fam\u00edlia sobre o \u00f3bito e feito todos os esclarecimentos pertinentes sobre o caso, inclusive o m\u00e9dico Dr. Murilo informa a fam\u00edlia que estava descartando a possibilidade de suspeita de Covid-19.<\/div>\n<div><\/div>\n<div><strong>DEMISS\u00c3O<\/strong><\/div>\n<div>\u2022 Conforme relato da m\u00e9dica respons\u00e1vel pela elabora\u00e7\u00e3o da Escala de Plant\u00e3o Dr. Raissa \u00e0 diretora da Funda\u00e7\u00e3o, no domingo, 29 de mar\u00e7o de 2020, o m\u00e9dico iniciaria um plant\u00e3o \u00e0s 7h00, por\u00e9m, o mesmo enviou sete mensagens na madrugada de domingo, das 01h41 \u00e0s 01h44 para a m\u00e9dica, por\u00e9m, apagou todas e j\u00e1 por volta das 04h46 fez uma liga\u00e7\u00e3o pelo WhatsApp e seguiu enviando mensagens de texto a partir das 04h50 onde dizia: \u201cmeu carro n\u00e3o abre, deu pane el\u00e9trica\u201d; \u201cdesde ontem\u201d; \u201cfui pegar roupa e n\u00e3o abre\u201d; \u201ctem algu\u00e9m para fazer hoje\u201d; \u201ccubro o dia que for\u201d;<\/div>\n<div><\/div>\n<div>\u2022 O m\u00e9dico seguiu enviando v\u00e1rias mensagens de texto e \u00e1udio (que tinham uma voz embaralhada e desconexas com a realidade) para a colega m\u00e9dica com o intuito de justificar o seu n\u00e3o comparecimento no plant\u00e3o do hospital onde ele estava escalado para \u00e0s 7 horas de domingo (29\/03);<\/div>\n<div><\/div>\n<div>\u2022 J\u00e1 conforme relato da enfermeira chefe de plant\u00e3o Rosana, ao chegar o hor\u00e1rio de troca do plant\u00e3o m\u00e9dico o Dr. Murilo ainda n\u00e3o havia se apresentado para assumir a escala e diante disso Rosana fez v\u00e1rias tentativas de contato por telefone, por\u00e9m sem sucesso. Diante disso a mesma ligou para a Dra. Raissa relatando a aus\u00eancia do profissional;<\/div>\n<div><\/div>\n<div>\u2022 Dra Raissa, por sua vez, relatou \u00e0 Rosana que o m\u00e9dico entrou em contato com ela e que para ele assumir o plant\u00e3o seria necessito algu\u00e9m ir busca-lo no hotel;<\/div>\n<div><\/div>\n<div>\u2022 Diante disso, a enfermeira Rosana entrou em contato com o RH do Hospital para relatar o fato, uma vez que, n\u00e3o \u00e9 protocolo da unidade ir buscar m\u00e9dicos para trabalhar. Ainda assim, para n\u00e3o ficar sem profissional m\u00e9dico no plant\u00e3o e garantir o atendimento dos pacientes, a Funda\u00e7\u00e3o Hospitalar chamou o taxista Izonel para que fosse buscar o m\u00e9dico Dr. Murilo no hotel Ives;<\/div>\n<div><\/div>\n<div>\u2022 Dr. Murilo assumiu seu plant\u00e3o por das 08h30 do domingo (29\/03) e encerrou \u00e0s 19h00;<\/div>\n<div style=\"text-align: center;\"><\/div>\n<div style=\"text-align: center;\">Fernanda Berigo<\/div>\n<div style=\"text-align: center;\">Diretora Geral da Funda\u00e7\u00e3o Hospitalar de Costa Rica<\/div>\n<p>&nbsp;<\/p>\n","protected":false},"excerpt":{"rendered":"<p>Ap\u00f3s tomar conhecimento de den\u00fancia publicada por meio de not\u00edcia no site Campo Grande News e ao receber a Nota de Esclarecimento da FHCR \u2013 Funda\u00e7\u00e3o Hospitalar de Costa Rica \u2013 MS, o prefeito Waldeli dos Santos Rosa vem a p\u00fablico informar as medidas que o Governo Municipal ir\u00e1 tomar para esclarecer os fatos. Ao [&hellip;]<\/p>\n","protected":false},"author":5,"featured_media":140757,"comment_status":"closed","ping_status":"closed","sticky":false,"template":"","format":"standard","meta":{"footnotes":""},"categories":[25],"tags":[],"class_list":["post-140756","post","type-post","status-publish","format-standard","has-post-thumbnail","hentry","category-costa-rica"],"_links":{"self":[{"href":"https:\/\/www.ocorreionews.com.br\/acervo-correio\/index.php?rest_route=\/wp\/v2\/posts\/140756","targetHints":{"allow":["GET"]}}],"collection":[{"href":"https:\/\/www.ocorreionews.com.br\/acervo-correio\/index.php?rest_route=\/wp\/v2\/posts"}],"about":[{"href":"https:\/\/www.ocorreionews.com.br\/acervo-correio\/index.php?rest_route=\/wp\/v2\/types\/post"}],"author":[{"embeddable":true,"href":"https:\/\/www.ocorreionews.com.br\/acervo-correio\/index.php?rest_route=\/wp\/v2\/users\/5"}],"replies":[{"embeddable":true,"href":"https:\/\/www.ocorreionews.com.br\/acervo-correio\/index.php?rest_route=%2Fwp%2Fv2%2Fcomments&post=140756"}],"version-history":[{"count":1,"href":"https:\/\/www.ocorreionews.com.br\/acervo-correio\/index.php?rest_route=\/wp\/v2\/posts\/140756\/revisions"}],"predecessor-version":[{"id":140758,"href":"https:\/\/www.ocorreionews.com.br\/acervo-correio\/index.php?rest_route=\/wp\/v2\/posts\/140756\/revisions\/140758"}],"wp:featuredmedia":[{"embeddable":true,"href":"https:\/\/www.ocorreionews.com.br\/acervo-correio\/index.php?rest_route=\/wp\/v2\/media\/140757"}],"wp:attachment":[{"href":"https:\/\/www.ocorreionews.com.br\/acervo-correio\/index.php?rest_route=%2Fwp%2Fv2%2Fmedia&parent=140756"}],"wp:term":[{"taxonomy":"category","embeddable":true,"href":"https:\/\/www.ocorreionews.com.br\/acervo-correio\/index.php?rest_route=%2Fwp%2Fv2%2Fcategories&post=140756"},{"taxonomy":"post_tag","embeddable":true,"href":"https:\/\/www.ocorreionews.com.br\/acervo-correio\/index.php?rest_route=%2Fwp%2Fv2%2Ftags&post=140756"}],"curies":[{"name":"wp","href":"https:\/\/api.w.org\/{rel}","templated":true}]}}