{"id":146152,"date":"2020-06-10T14:35:46","date_gmt":"2020-06-10T18:35:46","guid":{"rendered":"https:\/\/www.ocorreionews.com.br\/acervo-correio\/?p=146152"},"modified":"2020-06-10T14:35:46","modified_gmt":"2020-06-10T18:35:46","slug":"aluno-de-escola-publica-comove-a-web-ao-estudar-usando-wi-fi-de-acougue-em-goias","status":"publish","type":"post","link":"https:\/\/www.ocorreionews.com.br\/acervo-correio\/?p=146152","title":{"rendered":"Aluno de escola p\u00fablica comove a web ao estudar usando wi-fi de a\u00e7ougue, em Goi\u00e1s"},"content":{"rendered":"<div class=\"mc-column content-text active-extra-styles \" data-block-type=\"unstyled\" data-block-weight=\"63\" data-block-id=\"2\">\n<p class=\"content-text__container \" data-track-category=\"Link no Texto\" data-track-links=\"\">Para manter os estudos durante a pandemia de coronav\u00edrus, que causou a suspens\u00e3o das aulas, o estudante Willian Marciel Vieira Dantas, de 13 anos, n\u00e3o deixou que as dificuldades impedissem a busca por conhecimento. Sem computador e internet em casa, ele usava a conex\u00e3o de um a\u00e7ougue do distrito de Nova F\u00e1tima, em Hidrol\u00e2ndia, na Regi\u00e3o Metropolitana Goi\u00e2nia, para acessar ao conte\u00fado online.<\/p>\n<p data-track-category=\"Link no Texto\" data-track-links=\"\">\n<\/div>\n<div class=\"wall protected-content\">\n<div class=\"mc-column content-text active-extra-styles \" data-block-type=\"unstyled\" data-block-weight=\"68\" data-block-id=\"3\">\n<p class=\"content-text__container \" data-track-category=\"Link no Texto\" data-track-links=\"\">Willian \u00e9 aluno do 8\u00ba ano do Col\u00e9gio Estadual Ademar Alves de Souza e sonha em se formar em f\u00edsica. Apesar de estar dispensado das aulas, provas e atividades escolares por causa da pandemia, ele reserva cerca de duas horas por dia para estudar. Para isso, usava o celular, que foi comprado h\u00e1 um ano, depois que ele conseguiu juntar o dinheiro vendendo latinhas recolhidas pela cidade.<\/p>\n<p data-track-category=\"Link no Texto\" data-track-links=\"\">\n<\/div>\n<div class=\"mc-column content-text active-extra-styles\" data-block-type=\"raw\" data-block-weight=\"29\" data-block-id=\"4\">\n<blockquote class=\"content-blockquote theme-border-color-primary-before\"><p>&#8220;Minha av\u00f3 sempre me falou que, se eu quiser ser algu\u00e9m na vida, eu preciso estudar. Como eu quero fazer v\u00e1rios cursos, eu n\u00e3o posso perder tempo&#8221;, contou William.<\/p><\/blockquote>\n<\/div>\n<div class=\"mc-column content-text active-extra-styles \" data-block-type=\"unstyled\" data-block-weight=\"45\" data-block-id=\"5\">\n<p data-track-category=\"Link no Texto\" data-track-links=\"\">\n<p class=\"content-text__container \" data-track-category=\"Link no Texto\" data-track-links=\"\">Foi durante um dia de estudo que o dono do a\u00e7ougue, Marcos Paulo Souza Cruvinel, de 28 anos, resolveu tirar uma foto do garoto estudando para publicar numa rede social. Ele conta que ficou impressionado quando viu o menino com o celular e cadernos.<\/p>\n<p data-track-category=\"Link no Texto\" data-track-links=\"\">\n<\/div>\n<div class=\"content-ads content-ads--reveal\" data-block-type=\"ads\" data-block-id=\"6\"><\/div>\n<div class=\"mc-column content-text active-extra-styles \" data-block-type=\"unstyled\" data-block-weight=\"67\" data-block-id=\"7\">\n<p class=\"content-text__container \" data-track-category=\"Link no Texto\" data-track-links=\"\">&#8220;Eu sempre libero a internet para os meus clientes. Um dia, ele chegou aqui e pediu para usar a internet, e eu emprestei. Ele sentou no banco da pra\u00e7a, ficou mexendo no celular e anotando em um caderno. Eu fiquei curioso e perguntei pra ele o que era, e ele me explicou que havia pedido a internet para estudar, porque na casa dele n\u00e3o tinha&#8221;, contou.<\/p>\n<p data-track-category=\"Link no Texto\" data-track-links=\"\">\n<\/div>\n<div class=\"mc-column content-text active-extra-styles \" data-block-type=\"unstyled\" data-block-weight=\"79\" data-block-id=\"8\">\n<p class=\"content-text__container \" data-track-category=\"Link no Texto\" data-track-links=\"\">Depois que Marcos publicou a foto em uma rede social, a imagem come\u00e7ou a ser compartilhada e comoveu a internet. Uma &#8216;vaquinha&#8217; online j\u00e1 arrecadou mais de R$ 50 mil para investir no estudos de Willian e construir um quarto para ele estudar, j\u00e1 que ele divide o c\u00f4modo com a prima e a irm\u00e3, na casa da av\u00f3, Hilda Viera. O adolescente tamb\u00e9m ganhou a instala\u00e7\u00e3o da internet em casa e uma bolsa de estudos online.<\/p>\n<p data-track-category=\"Link no Texto\" data-track-links=\"\">\n<\/div>\n<div class=\"mc-column content-text active-extra-styles \" data-block-type=\"unstyled\" data-block-weight=\"50\" data-block-id=\"9\">\n<p class=\"content-text__container \" data-track-category=\"Link no Texto\" data-track-links=\"\">De acordo com a professora de matem\u00e1tica do estudante, Rosana Batista da Silva Lima, de 40 anos, William sempre foi um aluno exemplar. Ela conta que, quando viu a foto dele na internet, n\u00e3o teve d\u00favidas de que se tratava do aluno dedicado que ela acompanha h\u00e1 um ano.<\/p>\n<p data-track-category=\"Link no Texto\" data-track-links=\"\">\n<\/div>\n<div class=\"mc-column content-text active-extra-styles\" data-block-type=\"raw\" data-block-weight=\"41\" data-block-id=\"10\">\n<blockquote class=\"content-blockquote theme-border-color-primary-before\"><p>&#8220;Eu fiz quest\u00e3o de compartilhar com outros alunos para que eles pudessem ver que, mesmo com todas as dificuldades, ele n\u00e3o deixou de estudar. \u00c9 o que sempre falo, quando a gente quer, a gente vai atr\u00e1s e consegue&#8221;, diz Rosana.<\/p><\/blockquote>\n<\/div>\n<div class=\"row medium-uncollapsed content-media content-photo\" data-block-type=\"backstage-photo\" data-block-id=\"11\">\n<div class=\"mc-column content-media__container\">\n<figure>&nbsp;<\/p>\n<p><figure style=\"width: 647px\" class=\"wp-caption aligncenter\"><img loading=\"lazy\" decoding=\"async\" class=\"i-amphtml-fill-content i-amphtml-replaced-content\" src=\"https:\/\/s2.glbimg.com\/lx6dx0L_mdjYK4tsaOv3moYAB6M=\/0x0:1700x1062\/984x0\/smart\/filters:strip_icc()\/i.s3.glbimg.com\/v1\/AUTH_59edd422c0c84a879bd37670ae4f538a\/internal_photos\/bs\/2020\/0\/U\/UKX5qPSJ2trslX5P3R1Q\/estudante-hidrolandia.png\" sizes=\"auto, (max-width: 1366px) 648px, 100vw\" srcset=\"https:\/\/s2.glbimg.com\/SDzvcXwAKoDTaI4bdZHYJ96IQUw=\/0x0:1700x1062\/1000x0\/smart\/filters:strip_icc()\/i.s3.glbimg.com\/v1\/AUTH_59edd422c0c84a879bd37670ae4f538a\/internal_photos\/bs\/2020\/0\/U\/UKX5qPSJ2trslX5P3R1Q\/estudante-hidrolandia.png 1000w, https:\/\/s2.glbimg.com\/lx6dx0L_mdjYK4tsaOv3moYAB6M=\/0x0:1700x1062\/984x0\/smart\/filters:strip_icc()\/i.s3.glbimg.com\/v1\/AUTH_59edd422c0c84a879bd37670ae4f538a\/internal_photos\/bs\/2020\/0\/U\/UKX5qPSJ2trslX5P3R1Q\/estudante-hidrolandia.png 984w, https:\/\/s2.glbimg.com\/s3DFsZKw9qUdQeEMTWD29Z-rA6Y=\/0x0:1700x1062\/640x0\/smart\/filters:strip_icc()\/i.s3.glbimg.com\/v1\/AUTH_59edd422c0c84a879bd37670ae4f538a\/internal_photos\/bs\/2020\/0\/U\/UKX5qPSJ2trslX5P3R1Q\/estudante-hidrolandia.png 640w, https:\/\/s2.glbimg.com\/_Ql2S5olhIjRwmTDb6dh68Gnzfs=\/0x0:1700x1062\/600x0\/smart\/filters:strip_icc()\/i.s3.glbimg.com\/v1\/AUTH_59edd422c0c84a879bd37670ae4f538a\/internal_photos\/bs\/2020\/0\/U\/UKX5qPSJ2trslX5P3R1Q\/estudante-hidrolandia.png 600w\" alt=\"Aluno de escola p\u00fablica comove a web ao estudar usando wi-fi de a\u00e7ougue, em Goi\u00e1s \u2014 Foto: Rosana Batista\/Arquivo pessoal\" width=\"647\" height=\"404\" \/><figcaption class=\"wp-caption-text\">Aluno de escola p\u00fablica comove a web ao estudar usando wi-fi de a\u00e7ougue, em Goi\u00e1s \u2014 Foto: Rosana Batista\/Arquivo pessoal<\/figcaption><\/figure><\/figure>\n<\/div>\n<\/div>\n<\/div>\n<p>&nbsp;<\/p>\n<p class=\"content-publication-data__from\" title=\"Millena Barbosa, TV Anhanguera\">Por Millena Barbosa, TV Anhanguera<\/p>\n<div class=\"wall protected-content\">\n<div class=\"row medium-uncollapsed content-media content-photo\" data-block-type=\"backstage-photo\" data-block-id=\"11\">\n<div class=\"mc-column content-media__container\">\n<p class=\"content-media__description \">\n<\/div>\n<\/div>\n<\/div>\n","protected":false},"excerpt":{"rendered":"<p>Para manter os estudos durante a pandemia de coronav\u00edrus, que causou a suspens\u00e3o das aulas, o estudante Willian Marciel Vieira Dantas, de 13 anos, n\u00e3o deixou que as dificuldades impedissem a busca por conhecimento. Sem computador e internet em casa, ele usava a conex\u00e3o de um a\u00e7ougue do distrito de Nova F\u00e1tima, em Hidrol\u00e2ndia, na [&hellip;]<\/p>\n","protected":false},"author":5,"featured_media":146153,"comment_status":"closed","ping_status":"closed","sticky":false,"template":"","format":"standard","meta":{"footnotes":""},"categories":[27],"tags":[],"class_list":["post-146152","post","type-post","status-publish","format-standard","has-post-thumbnail","hentry","category-educacao"],"_links":{"self":[{"href":"https:\/\/www.ocorreionews.com.br\/acervo-correio\/index.php?rest_route=\/wp\/v2\/posts\/146152","targetHints":{"allow":["GET"]}}],"collection":[{"href":"https:\/\/www.ocorreionews.com.br\/acervo-correio\/index.php?rest_route=\/wp\/v2\/posts"}],"about":[{"href":"https:\/\/www.ocorreionews.com.br\/acervo-correio\/index.php?rest_route=\/wp\/v2\/types\/post"}],"author":[{"embeddable":true,"href":"https:\/\/www.ocorreionews.com.br\/acervo-correio\/index.php?rest_route=\/wp\/v2\/users\/5"}],"replies":[{"embeddable":true,"href":"https:\/\/www.ocorreionews.com.br\/acervo-correio\/index.php?rest_route=%2Fwp%2Fv2%2Fcomments&post=146152"}],"version-history":[{"count":1,"href":"https:\/\/www.ocorreionews.com.br\/acervo-correio\/index.php?rest_route=\/wp\/v2\/posts\/146152\/revisions"}],"predecessor-version":[{"id":146154,"href":"https:\/\/www.ocorreionews.com.br\/acervo-correio\/index.php?rest_route=\/wp\/v2\/posts\/146152\/revisions\/146154"}],"wp:featuredmedia":[{"embeddable":true,"href":"https:\/\/www.ocorreionews.com.br\/acervo-correio\/index.php?rest_route=\/wp\/v2\/media\/146153"}],"wp:attachment":[{"href":"https:\/\/www.ocorreionews.com.br\/acervo-correio\/index.php?rest_route=%2Fwp%2Fv2%2Fmedia&parent=146152"}],"wp:term":[{"taxonomy":"category","embeddable":true,"href":"https:\/\/www.ocorreionews.com.br\/acervo-correio\/index.php?rest_route=%2Fwp%2Fv2%2Fcategories&post=146152"},{"taxonomy":"post_tag","embeddable":true,"href":"https:\/\/www.ocorreionews.com.br\/acervo-correio\/index.php?rest_route=%2Fwp%2Fv2%2Ftags&post=146152"}],"curies":[{"name":"wp","href":"https:\/\/api.w.org\/{rel}","templated":true}]}}