{"id":14646,"date":"2015-11-06T13:32:23","date_gmt":"2015-11-06T16:32:23","guid":{"rendered":"https:\/\/ocorreionews.com.br\/?p=14646"},"modified":"2015-11-06T13:32:23","modified_gmt":"2015-11-06T16:32:23","slug":"05-de-dezembro-6a-mega-festa-brito-news-tera-edicao-festa-do-branco-open-bar","status":"publish","type":"post","link":"https:\/\/www.ocorreionews.com.br\/acervo-correio\/?p=14646","title":{"rendered":"05 de dezembro: 6\u00aa Mega Festa Brito News ter\u00e1 edi\u00e7\u00e3o Festa do Branco Open Bar"},"content":{"rendered":"<p><span style=\"font-family: helvetica; font-size: small;\">A organiza\u00e7\u00e3o da Mega Festa Brito News, confirmou as atra\u00e7\u00f5es e o estilo da 6\u00aa edi\u00e7\u00e3o da Mega Festa Brito News, que este ano, ser\u00e1 realizada no dia 05 de dezembro, a partir das 23h, no recinto do Pesque-pague &amp; Pesque-solte Tubar\u00e3o em Para\u00edso das \u00c1guas, que ter\u00e1 como tema: <b>&#8220;A Festa do Branco<\/b> &#8211; onde os participantes ir\u00e3o trajados com pelo menos camiseta branca&#8221; e a festa Open Bar (bebida gr\u00e1tis).<\/span><\/p>\n<div><span style=\"font-family: helvetica; font-size: small;\">\u00a0<\/span><\/div>\n<div><span style=\"font-family: helvetica; font-size: small;\">O evento contar\u00e1 com uma mega estrutura de tenda, som, ilumina\u00e7\u00e3o e com a atra\u00e7\u00e3o sertaneja e eletr\u00f4nico.<\/span><\/div>\n<div><span style=\"font-family: helvetica; font-size: small;\">\u00a0<\/span><\/div>\n<div><span style=\"font-family: helvetica; font-size: small;\">A dupla Hugo e Diego de Goi\u00e1s, animar\u00e1 a noite com o melhor da m\u00fasica sertaneja universit\u00e1ria e Dj Luan Indiscut\u00edvel e djs convidados, animar\u00e3o a noite com o melhor da m\u00fasica eletr\u00f4nica.<\/span><\/div>\n<div><span style=\"font-family: helvetica; font-size: small;\">\u00a0<\/span><\/div>\n<div><span style=\"font-family: helvetica; font-size: small;\">Esta ser\u00e1 mais uma edi\u00e7\u00e3o especial da Mega Festa Brito News, uma das festas mais conhecidas da regi\u00e3o. Sucesso de p\u00fablico.<\/span><\/div>\n<div><span style=\"font-family: helvetica; font-size: small;\">\u00a0<\/span><\/div>\n<div><span style=\"font-family: helvetica; font-size: small;\">Neste ano, por se tratar de uma festa Open Bar, n\u00e3o ser\u00e1 permitida a entrada e participa\u00e7\u00e3o de menores de 18 (dezoito) anos. Na portaria, ser\u00e1 obrigat\u00f3rio a apresenta\u00e7\u00e3o de um documento oficial com foto, o que lamentou o jornalista Fernando de Brito: <i>&#8220;Todos os anos contamos com a participa\u00e7\u00e3o de menores de idade, como se tratando de uma festa neste estilo, e \u00e0s dificuldades na emiss\u00e3o do Alvar\u00e1 Judicial que autoriza a perman\u00eancia de menores, \u00a0n\u00e3o queremos em hip\u00f3tese alguma infligir a lei, e resolvemos realizar uma festa destinada ao p\u00fablico adulto &#8211; j\u00e1 estamos pensando em uma festa extra no meio do ano, com uma mega atra\u00e7\u00e3o para todos os tipos de p\u00fablico&#8221;<\/i>, informou.<\/span><\/div>\n<div><span style=\"font-family: helvetica; font-size: small;\">\u00a0<\/span><\/div>\n<div><span style=\"font-family: helvetica; font-size: small;\">O 1\u00ba lote dos convites antecipados, devem estar dispon\u00edvel a partir da pr\u00f3xima semana e vai at\u00e9 o dia 20\/11\/2015 e custar\u00e1 apenas R$ 50,00. O 2\u00ba lote ser\u00e1 vendido a partir do dia 20\/11\/2015 e ir\u00e1 at\u00e9 a v\u00e9spera do evento, dia 04\/12\/2015 e custar\u00e1 apenas R$ 70,00. No dia do evento e na hora, o custo do convite ser\u00e1 de R$ 100,00.<\/span><\/div>\n<div><span style=\"font-family: helvetica; font-size: small;\">\u00a0<\/span><\/div>\n<div><span style=\"font-family: helvetica; font-size: small;\">Convite antecipado na Britopax (67-9915-6057) e Tubar\u00e3o (67-9998-1453).<\/span><\/div>\n<div><span style=\"font-family: helvetica; font-size: small;\">\u00a0<\/span><\/div>\n<div><span style=\"font-family: helvetica; font-size: small;\">As bebidas dispon\u00edveis no evento ser\u00e3o cerveja Skol, Vodka, Wisky, Refrigerante, \u00c1gua e Suco. As bebidas ser\u00e3o servidas em copo descart\u00e1vel de 300 ml.<\/span><\/div>\n<div><span style=\"font-family: helvetica; font-size: small;\">\u00a0<\/span><\/div>\n<div><span style=\"font-family: helvetica; font-size: small;\">As mesas j\u00e1 est\u00e3o dispon\u00edveis no telefone: <b>067-9915-6057.<\/b><\/span><\/div>\n<div><span style=\"font-family: helvetica; font-size: small;\"><img decoding=\"async\" src=\"http:\/\/i.imgur.com\/m5A5Ej7.jpg\" alt=\"\" width=\"600\" \/><\/span><\/div>\n<div><img decoding=\"async\" src=\"http:\/\/i.imgur.com\/ffFTZD5.jpg\" alt=\"\" width=\"600\" \/><\/div>\n<div><span style=\"font-family: helvetica; font-size: small;\">A mesma estrutura da festa Fantasy em S\u00e3o Gabriel do Oeste (MS) e da Festa do Branco de Campo Grande, ser\u00e1 instalada para a 6\u00aa Mega Festa Brito News<\/span><\/div>\n<div><span style=\"font-family: helvetica; font-size: small;\">\u00a0<\/span><\/div>\n","protected":false},"excerpt":{"rendered":"<p>A organiza\u00e7\u00e3o da Mega Festa Brito News, confirmou as atra\u00e7\u00f5es e o estilo da 6\u00aa edi\u00e7\u00e3o da Mega Festa Brito News, que este ano, ser\u00e1 realizada no dia 05 de dezembro, a partir das 23h, no recinto do Pesque-pague &amp; Pesque-solte Tubar\u00e3o em Para\u00edso das \u00c1guas, que ter\u00e1 como tema: &#8220;A Festa do Branco &#8211; [&hellip;]<\/p>\n","protected":false},"author":4,"featured_media":14647,"comment_status":"closed","ping_status":"closed","sticky":false,"template":"","format":"standard","meta":{"footnotes":""},"categories":[36],"tags":[],"class_list":["post-14646","post","type-post","status-publish","format-standard","has-post-thumbnail","hentry","category-paraiso-das-aguas"],"_links":{"self":[{"href":"https:\/\/www.ocorreionews.com.br\/acervo-correio\/index.php?rest_route=\/wp\/v2\/posts\/14646","targetHints":{"allow":["GET"]}}],"collection":[{"href":"https:\/\/www.ocorreionews.com.br\/acervo-correio\/index.php?rest_route=\/wp\/v2\/posts"}],"about":[{"href":"https:\/\/www.ocorreionews.com.br\/acervo-correio\/index.php?rest_route=\/wp\/v2\/types\/post"}],"author":[{"embeddable":true,"href":"https:\/\/www.ocorreionews.com.br\/acervo-correio\/index.php?rest_route=\/wp\/v2\/users\/4"}],"replies":[{"embeddable":true,"href":"https:\/\/www.ocorreionews.com.br\/acervo-correio\/index.php?rest_route=%2Fwp%2Fv2%2Fcomments&post=14646"}],"version-history":[{"count":0,"href":"https:\/\/www.ocorreionews.com.br\/acervo-correio\/index.php?rest_route=\/wp\/v2\/posts\/14646\/revisions"}],"wp:featuredmedia":[{"embeddable":true,"href":"https:\/\/www.ocorreionews.com.br\/acervo-correio\/index.php?rest_route=\/wp\/v2\/media\/14647"}],"wp:attachment":[{"href":"https:\/\/www.ocorreionews.com.br\/acervo-correio\/index.php?rest_route=%2Fwp%2Fv2%2Fmedia&parent=14646"}],"wp:term":[{"taxonomy":"category","embeddable":true,"href":"https:\/\/www.ocorreionews.com.br\/acervo-correio\/index.php?rest_route=%2Fwp%2Fv2%2Fcategories&post=14646"},{"taxonomy":"post_tag","embeddable":true,"href":"https:\/\/www.ocorreionews.com.br\/acervo-correio\/index.php?rest_route=%2Fwp%2Fv2%2Ftags&post=14646"}],"curies":[{"name":"wp","href":"https:\/\/api.w.org\/{rel}","templated":true}]}}