{"id":14649,"date":"2015-11-06T13:39:26","date_gmt":"2015-11-06T16:39:26","guid":{"rendered":"https:\/\/ocorreionews.com.br\/?p=14649"},"modified":"2015-11-06T13:39:26","modified_gmt":"2015-11-06T16:39:26","slug":"vereadora-sonia-maran-requer-copias-de-diversos-documentos-da-prefeitura","status":"publish","type":"post","link":"https:\/\/www.ocorreionews.com.br\/acervo-correio\/?p=14649","title":{"rendered":"Vereadora Sonia Maran requer copias de diversos documentos da prefeitura"},"content":{"rendered":"<p style=\"text-align: justify;\">A vereadora S\u00f4nia Maran (PR), apresentou na ultima sess\u00e3o tr\u00eas requerimentos, solicitando diversas copias de documentos da prefeitura, pedindo informa\u00e7\u00f5es e esclarecimentos com rela\u00e7\u00e3o sobre a n\u00e3o conclus\u00e3o de obras, c\u00f3pias de atas do Conselho Municipal da Cidade e de processos licitat\u00f3rios. Veja abaixo<\/p>\n<p style=\"text-align: justify;\">REQUEIRO \u00e0 Mesa, na forma regimental e depois de ouvido o Douto Plen\u00e1rio de Delibera\u00e7\u00f5es, o envio de expediente ao Prefeito Municipal Luiz Felipe Barreto de Magalh\u00e3es, com c\u00f3pia a Secret\u00e1ria Municipal de Finan\u00e7as e Planejamento, Sra. Aeliete Batista Soares Santos, solicitando que seja encaminhado a esta Casa de Leis as seguintes informa\u00e7\u00f5es e documentos, acerca da obra do Centro Poliesportivo Sibipiruna:<\/p>\n<p style=\"text-align: justify;\">1 \u2013 Comprovante de transfer\u00eancia ou dep\u00f3sito do recurso municipal na conta do conv\u00eanio SINCOV n\u00b0 766369\/2011 do Contrato n\u00b0 174\/2013;<\/p>\n<p style=\"text-align: justify;\">2 \u2013 C\u00f3pia dos empenhos, liquida\u00e7\u00e3o, pagamento e notas fiscais do referido contrato;<\/p>\n<p style=\"text-align: justify;\">3 \u2013 Informa\u00e7\u00f5es documentais sobre os motivos que a empresa ENGETER \u2013 Engenharia e Com\u00e9rcio LTDA \u2013 ME n\u00e3o conclui a obra.<\/p>\n<p style=\"text-align: justify;\"><strong>REQUERIMENTO N\u00ba 321\/2015 \u2013 VER. S\u00d4NIA MARAN<\/strong><\/p>\n<p style=\"text-align: justify;\">REQUEIRO \u00e0 Mesa, na forma regimental e depois de ouvido o Douto Plen\u00e1rio de Delibera\u00e7\u00f5es, o envio de expediente ao Prefeito Municipal Luiz Felipe Barreto de Magalh\u00e3es, com c\u00f3pia a Secret\u00e1ria Municipal de Infraestrutura e Projetos Ana Carolina Vendramel Lessi, solicitando que seja encaminhada c\u00f3pia da Ata de primeira reuni\u00e3o do Conselho Municipal da Cidade.<\/p>\n<p style=\"text-align: justify;\"><strong>REQUERIMENTO N\u00ba 322\/2015 \u2013 VER. S\u00d4NIA MARAN<\/strong><\/p>\n<p style=\"text-align: justify;\">REQUEIRO \u00e0 mesa, na forma regimental, e depois de ouvido o Douto Plen\u00e1rio de Delibera\u00e7\u00f5es, o envio de expediente ao Prefeito Municipal\u00a0 Luiz Felipe Barreto de Magalh\u00e3es, com c\u00f3pia a Secret\u00e1ria Municipal de Administra\u00e7\u00e3o, Maril\u00e9ia Brizola da Rosa, solicitando que\u00a0 seja\u00a0 encaminhado\u00a0 a esta Casa de Leis os seguintes documentos:<\/p>\n<p style=\"text-align: justify;\">C\u00f3pia do Processo Licitat\u00f3rio, Contratos Aditivos e pagamentos, referentes aos Contratos Administrativos de n\u00fameros 302\/2014 e 344\/2014 da Empresa MKJ Assessoria Cont\u00e1bil.<\/p>\n<p style=\"text-align: justify;\">Adejair morais -ocorreionews<\/p>\n","protected":false},"excerpt":{"rendered":"<p>A vereadora S\u00f4nia Maran (PR), apresentou na ultima sess\u00e3o tr\u00eas requerimentos, solicitando diversas copias de documentos da prefeitura, pedindo informa\u00e7\u00f5es e esclarecimentos com rela\u00e7\u00e3o sobre a n\u00e3o conclus\u00e3o de obras, c\u00f3pias de atas do Conselho Municipal da Cidade e de processos licitat\u00f3rios. Veja abaixo REQUEIRO \u00e0 Mesa, na forma regimental e depois de ouvido o [&hellip;]<\/p>\n","protected":false},"author":4,"featured_media":14650,"comment_status":"closed","ping_status":"closed","sticky":false,"template":"","format":"standard","meta":{"footnotes":""},"categories":[20],"tags":[],"class_list":["post-14649","post","type-post","status-publish","format-standard","has-post-thumbnail","hentry","category-camara-municipal"],"_links":{"self":[{"href":"https:\/\/www.ocorreionews.com.br\/acervo-correio\/index.php?rest_route=\/wp\/v2\/posts\/14649","targetHints":{"allow":["GET"]}}],"collection":[{"href":"https:\/\/www.ocorreionews.com.br\/acervo-correio\/index.php?rest_route=\/wp\/v2\/posts"}],"about":[{"href":"https:\/\/www.ocorreionews.com.br\/acervo-correio\/index.php?rest_route=\/wp\/v2\/types\/post"}],"author":[{"embeddable":true,"href":"https:\/\/www.ocorreionews.com.br\/acervo-correio\/index.php?rest_route=\/wp\/v2\/users\/4"}],"replies":[{"embeddable":true,"href":"https:\/\/www.ocorreionews.com.br\/acervo-correio\/index.php?rest_route=%2Fwp%2Fv2%2Fcomments&post=14649"}],"version-history":[{"count":0,"href":"https:\/\/www.ocorreionews.com.br\/acervo-correio\/index.php?rest_route=\/wp\/v2\/posts\/14649\/revisions"}],"wp:featuredmedia":[{"embeddable":true,"href":"https:\/\/www.ocorreionews.com.br\/acervo-correio\/index.php?rest_route=\/wp\/v2\/media\/14650"}],"wp:attachment":[{"href":"https:\/\/www.ocorreionews.com.br\/acervo-correio\/index.php?rest_route=%2Fwp%2Fv2%2Fmedia&parent=14649"}],"wp:term":[{"taxonomy":"category","embeddable":true,"href":"https:\/\/www.ocorreionews.com.br\/acervo-correio\/index.php?rest_route=%2Fwp%2Fv2%2Fcategories&post=14649"},{"taxonomy":"post_tag","embeddable":true,"href":"https:\/\/www.ocorreionews.com.br\/acervo-correio\/index.php?rest_route=%2Fwp%2Fv2%2Ftags&post=14649"}],"curies":[{"name":"wp","href":"https:\/\/api.w.org\/{rel}","templated":true}]}}