{"id":15040,"date":"2015-11-11T10:46:16","date_gmt":"2015-11-11T13:46:16","guid":{"rendered":"https:\/\/ocorreionews.com.br\/?p=15040"},"modified":"2015-11-11T10:46:16","modified_gmt":"2015-11-11T13:46:16","slug":"secretaria-de-saude-de-figueirao-realiza-exames-e-palestras-no-fim-de-semana","status":"publish","type":"post","link":"https:\/\/www.ocorreionews.com.br\/acervo-correio\/?p=15040","title":{"rendered":"Secretaria de Sa\u00fade de Figueir\u00e3o realiza exames e palestras no fim de semana"},"content":{"rendered":"<p style=\"text-align: justify;\">A Secretaria Municipal de Sa\u00fade de Figueir\u00e3o realizar\u00e1 neste fim semana a\u00e7\u00f5es preventivas e de orienta\u00e7\u00e3o, al\u00e9m de testes r\u00e1pidos na Unidade B\u00e1sica de Sa\u00fade (UBS). Na sexta-feira (13) duas palestras ser\u00e3o apresentadas a partir das 9h30, e no s\u00e1bado (14) ser\u00e3o realizados exames de Hepatite C, S\u00edfilis e HIV, a partir das 8h. O calend\u00e1rio dessas a\u00e7\u00f5es est\u00e3o relacionados \u00e0 programa\u00e7\u00e3o preventiva do Outubro Rosa e Novembro Azul.<\/p>\n<p style=\"text-align: justify;\">Na sexta-feira as palestras ser\u00e3o ministradas pela enfermeira \u00c9rica Prevital, com os temas \u2018Sa\u00fade da Mulher com \u00eanfase no C\u00e2ncer de Mama e C\u00e2ncer de Colo de \u00datero\u2019 e \u2018Sa\u00fade do Homem com \u00eanfase no C\u00e2ncer de Pr\u00f3stata\u2019. \u201cEssas e outras a\u00e7\u00f5es foram criadas pela atual gest\u00e3o com a finalidade e prevenir ou amenizar os \u00edndices de doen\u00e7as que colocam em risco a popula\u00e7\u00e3o do munic\u00edpio. Gestantes e idosos ter\u00e3o prioridades, mas nossa meta \u00e9 atender toda a popula\u00e7\u00e3o\u201d, destaca a secret\u00e1ria de sa\u00fade, Altair Pereira de \u00c1vila.<\/p>\n<p style=\"text-align: justify;\">\u201cQueremos multiplicar as a\u00e7\u00f5es preventivas e alertar a popula\u00e7\u00e3o dos benef\u00edcios de um dign\u00f3stico precoce, sobre qualquer tipo de doen\u00e7a. Assim podemos contribuir para que consigam o tratamento digno e adequado para todo tipo de enfermidade\u201d, finaliza o prefeito de Figueir\u00e3o, Rog\u00e9rio Rosalin, ao fortalecer o convite para os dias 13 e 14, na UBS.<\/p>\n<p style=\"text-align: justify;\">\n<div class=\"clear\" style=\"text-align: justify;\"><\/div>\n<div class=\"fonte\" style=\"text-align: justify;\">Fonte: Assessoria Prefeitura<\/div>\n","protected":false},"excerpt":{"rendered":"<p>A Secretaria Municipal de Sa\u00fade de Figueir\u00e3o realizar\u00e1 neste fim semana a\u00e7\u00f5es preventivas e de orienta\u00e7\u00e3o, al\u00e9m de testes r\u00e1pidos na Unidade B\u00e1sica de Sa\u00fade (UBS). Na sexta-feira (13) duas palestras ser\u00e3o apresentadas a partir das 9h30, e no s\u00e1bado (14) ser\u00e3o realizados exames de Hepatite C, S\u00edfilis e HIV, a partir das 8h. O [&hellip;]<\/p>\n","protected":false},"author":4,"featured_media":15041,"comment_status":"closed","ping_status":"closed","sticky":false,"template":"","format":"standard","meta":{"footnotes":""},"categories":[30],"tags":[],"class_list":["post-15040","post","type-post","status-publish","format-standard","has-post-thumbnail","hentry","category-figueirao"],"_links":{"self":[{"href":"https:\/\/www.ocorreionews.com.br\/acervo-correio\/index.php?rest_route=\/wp\/v2\/posts\/15040","targetHints":{"allow":["GET"]}}],"collection":[{"href":"https:\/\/www.ocorreionews.com.br\/acervo-correio\/index.php?rest_route=\/wp\/v2\/posts"}],"about":[{"href":"https:\/\/www.ocorreionews.com.br\/acervo-correio\/index.php?rest_route=\/wp\/v2\/types\/post"}],"author":[{"embeddable":true,"href":"https:\/\/www.ocorreionews.com.br\/acervo-correio\/index.php?rest_route=\/wp\/v2\/users\/4"}],"replies":[{"embeddable":true,"href":"https:\/\/www.ocorreionews.com.br\/acervo-correio\/index.php?rest_route=%2Fwp%2Fv2%2Fcomments&post=15040"}],"version-history":[{"count":0,"href":"https:\/\/www.ocorreionews.com.br\/acervo-correio\/index.php?rest_route=\/wp\/v2\/posts\/15040\/revisions"}],"wp:featuredmedia":[{"embeddable":true,"href":"https:\/\/www.ocorreionews.com.br\/acervo-correio\/index.php?rest_route=\/wp\/v2\/media\/15041"}],"wp:attachment":[{"href":"https:\/\/www.ocorreionews.com.br\/acervo-correio\/index.php?rest_route=%2Fwp%2Fv2%2Fmedia&parent=15040"}],"wp:term":[{"taxonomy":"category","embeddable":true,"href":"https:\/\/www.ocorreionews.com.br\/acervo-correio\/index.php?rest_route=%2Fwp%2Fv2%2Fcategories&post=15040"},{"taxonomy":"post_tag","embeddable":true,"href":"https:\/\/www.ocorreionews.com.br\/acervo-correio\/index.php?rest_route=%2Fwp%2Fv2%2Ftags&post=15040"}],"curies":[{"name":"wp","href":"https:\/\/api.w.org\/{rel}","templated":true}]}}