{"id":15056,"date":"2015-11-11T13:55:37","date_gmt":"2015-11-11T16:55:37","guid":{"rendered":"https:\/\/ocorreionews.com.br\/?p=15056"},"modified":"2015-11-11T13:55:47","modified_gmt":"2015-11-11T16:55:47","slug":"aprovado-fim-da-cobranca-extra-por-chamada-feita-ou-recebida-fora-da-area-de-registro-do-celular","status":"publish","type":"post","link":"https:\/\/www.ocorreionews.com.br\/acervo-correio\/?p=15056","title":{"rendered":"Aprovado fim da cobran\u00e7a extra por chamada feita ou recebida fora da \u00e1rea de registro do celular"},"content":{"rendered":"<p>A \u00a0Comiss\u00e3o de Servi\u00e7os de Infraestrutura (CI) do Senado aprovou nesta quarta-feira (11), em car\u00e1ter terminativo, parecer favor\u00e1vel do senador Walter Pinheiro (PT\/BA) ao <a class=\"external-link\" href=\"http:\/\/http\/\/www25.senado.leg.br\/web\/atividade\/materias\/-\/materia\/111686\" target=\"_blank\">PLS 85\/ 2013<\/a>, que extingue a cobran\u00e7a do adicional por chamada em liga\u00e7\u00f5es realizadas nas redes de empresas pertencentes ao mesmo grupo econ\u00f4mico. A proposta extingue o adicional cobrado pela prestadora do servi\u00e7o de telefonia m\u00f3vel por chamada recebida ou originada, quando o usu\u00e1rio estiver utilizando a linha em \u00e1rea diversa daquela em que a sua linha telef\u00f4nica foi registrada (servi\u00e7o conhecido como <i>roaming)<\/i>. A proposta ser\u00e1 agora examinada pela C\u00e2mara dos Deputados.<\/p>\n<p>Walter Pinheiro defendeu o projeto como uma das contribui\u00e7\u00f5es \u00a0para a redu\u00e7\u00e3o das tarifas da telefonia do Brasil, onde ele diz que o pre\u00e7o da telefonia m\u00f3vel ainda \u00e9 muito alto.<\/p>\n<p>\u2014 O projeto \u00e9 uma das contribui\u00e7\u00f5es do Legislativo para baratear as liga\u00e7\u00f5es para os consumidores. Aqui no Brasil, o minuto do celular \u00e9 um dos mais caros do mundo, principalmente para a camada da popula\u00e7\u00e3o que mais utiliza o celular. O Brasil tem mais de 270 milh\u00f5es de celulares. Desses, 80% s\u00e3o aparelhos pr\u00e9-pagos, com o minuto mais caro. E para baratear as liga\u00e7\u00f5es estamos vencendo, por etapas, com a aprova\u00e7\u00e3o de \u00a0medidas como a proposta aprovada hoje \u2014 afirmou ele.<\/p>\n<p>Durante o encaminhamento da vota\u00e7\u00e3o, Pinheiro lembrou tamb\u00e9m que a extin\u00e7\u00e3o da cobran\u00e7a acompanha um debate mundial, que prev\u00ea pr\u00e1ticas que reduzem custos e simplificam os processos das liga\u00e7\u00f5es das telefonias contratadas pelos consumidores.<\/p>\n<p>\u2014 Essa \u00e9 uma mat\u00e9ria que interfere neste cen\u00e1rio de comunica\u00e7\u00e3o e acompanha um debate exaustivo que se trava no mundo inteiro, com pr\u00e1ticas de elimina\u00e7\u00e3o de roaming, por exemplo. Eu ainda tenho insistido com a Anatel que a gente tem que avan\u00e7ar para simplificar o processo. Com a troca, por exemplo, do n\u00famero da operadora e tenho at\u00e9 projeto nesta dire\u00e7\u00e3o &#8211; lembrou o senador, ao se referir ao Projeto de Lei do Senado (PLS)\u00a0<a href=\"http:\/\/www.senado.gov.br\/atividade\/materia\/detalhes.asp?p_cod_mate=107305\" target=\"_blank\">333\/2012<\/a>, que torna opcional o uso dos dois d\u00edgitos da operadora de longa dist\u00e2ncia.<\/p>\n<p>No parecer, Walter Pinheiro explica que a extin\u00e7\u00e3o da cobran\u00e7a j\u00e1 tem sido objeto de an\u00e1lise de algumas operadoras e da pr\u00f3pria Anatel.<\/p>\n<p>\u2014 A cobran\u00e7a do adicional por chamada \u00e9 uma faculdade das prestadoras, que, a seu crit\u00e9rio, podem n\u00e3o efetiv\u00e1-la. De fato, as empresas t\u00eam comercializado planos de servi\u00e7o que n\u00e3o preveem a cobran\u00e7a extra, em especial quando as chamadas fora da \u00e1rea de registro do terminal s\u00e3o originadas ou terminadas dentro de sua pr\u00f3pria rede. Importante registrar que a pr\u00f3pria Anatel, como forma de estimular a redu\u00e7\u00e3o dos pre\u00e7os praticados, j\u00e1 sinalizou a hip\u00f3tese de extinguir o adicional por chamada, o que pode ser feito alterando-se o Regulamento do SMP \u2014 alertou.<\/p>\n<p>&nbsp;<\/p>\n<p class=\"text-muted\"><small>Ag\u00eancia Senado<\/small><\/p>\n","protected":false},"excerpt":{"rendered":"<p>A \u00a0Comiss\u00e3o de Servi\u00e7os de Infraestrutura (CI) do Senado aprovou nesta quarta-feira (11), em car\u00e1ter terminativo, parecer favor\u00e1vel do senador Walter Pinheiro (PT\/BA) ao PLS 85\/ 2013, que extingue a cobran\u00e7a do adicional por chamada em liga\u00e7\u00f5es realizadas nas redes de empresas pertencentes ao mesmo grupo econ\u00f4mico. A proposta extingue o adicional cobrado pela prestadora [&hellip;]<\/p>\n","protected":false},"author":4,"featured_media":15057,"comment_status":"closed","ping_status":"closed","sticky":false,"template":"","format":"standard","meta":{"footnotes":""},"categories":[31],"tags":[],"class_list":["post-15056","post","type-post","status-publish","format-standard","has-post-thumbnail","hentry","category-geral"],"_links":{"self":[{"href":"https:\/\/www.ocorreionews.com.br\/acervo-correio\/index.php?rest_route=\/wp\/v2\/posts\/15056","targetHints":{"allow":["GET"]}}],"collection":[{"href":"https:\/\/www.ocorreionews.com.br\/acervo-correio\/index.php?rest_route=\/wp\/v2\/posts"}],"about":[{"href":"https:\/\/www.ocorreionews.com.br\/acervo-correio\/index.php?rest_route=\/wp\/v2\/types\/post"}],"author":[{"embeddable":true,"href":"https:\/\/www.ocorreionews.com.br\/acervo-correio\/index.php?rest_route=\/wp\/v2\/users\/4"}],"replies":[{"embeddable":true,"href":"https:\/\/www.ocorreionews.com.br\/acervo-correio\/index.php?rest_route=%2Fwp%2Fv2%2Fcomments&post=15056"}],"version-history":[{"count":0,"href":"https:\/\/www.ocorreionews.com.br\/acervo-correio\/index.php?rest_route=\/wp\/v2\/posts\/15056\/revisions"}],"wp:featuredmedia":[{"embeddable":true,"href":"https:\/\/www.ocorreionews.com.br\/acervo-correio\/index.php?rest_route=\/wp\/v2\/media\/15057"}],"wp:attachment":[{"href":"https:\/\/www.ocorreionews.com.br\/acervo-correio\/index.php?rest_route=%2Fwp%2Fv2%2Fmedia&parent=15056"}],"wp:term":[{"taxonomy":"category","embeddable":true,"href":"https:\/\/www.ocorreionews.com.br\/acervo-correio\/index.php?rest_route=%2Fwp%2Fv2%2Fcategories&post=15056"},{"taxonomy":"post_tag","embeddable":true,"href":"https:\/\/www.ocorreionews.com.br\/acervo-correio\/index.php?rest_route=%2Fwp%2Fv2%2Ftags&post=15056"}],"curies":[{"name":"wp","href":"https:\/\/api.w.org\/{rel}","templated":true}]}}