{"id":15059,"date":"2015-11-11T15:03:05","date_gmt":"2015-11-11T18:03:05","guid":{"rendered":"https:\/\/ocorreionews.com.br\/?p=15059"},"modified":"2015-11-11T15:04:08","modified_gmt":"2015-11-11T18:04:08","slug":"caminhao-carregado-de-gas-tomba-na-ms-306-ao-passar-por-buraco","status":"publish","type":"post","link":"https:\/\/www.ocorreionews.com.br\/acervo-correio\/?p=15059","title":{"rendered":"Caminh\u00e3o carregado de g\u00e1s tomba na MS 306 ao passar por buraco"},"content":{"rendered":"<p>Um caminh\u00e3o carregado de g\u00e1s GLP (G\u00e1s Liquefeito de Petr\u00f3leo) tombou por volta da 13h desta quarta-feira (11), na MS-306 a aproximadamente 25 quil\u00f4metros de Costa Rica. O motorista Aguiar Alvarenga Junior, de 39 anos, e o passageiro Adalto Nagi, de 28 anos, ficaram feridos no acidente.<\/p>\n<p>Segundo informa\u00e7\u00f5es do site Edi\u00e7\u00e3o de Not\u00edcias, Aguiar seguia pela rodovia em um Mercedes Benz Axor, carregado com 30 mil litros de g\u00e1s GLP, quando perdeu o controle do ve\u00edculo ao passar por um buraco na rodovia.<\/p>\n<p>Conforme a reportagem, o caminh\u00e3o saiu da pista e tombou numa ribanceira as margens da rodovia. Motorista e passageiro ficaram feridos e foram socorridos pelo Corpo de Bombeiros de Costa Rica.<\/p>\n<p>De acordo com a publica\u00e7\u00e3o, o motorista reclamava de fortes dores nas costelas e o passageiro apresentava suspeita de TCE (Traumatismo Craniano Encef\u00e1lico). Ambos foram levados para a Funda\u00e7\u00e3o Hospitalar do munic\u00edpio.<\/p>\n<p><a href=\"https:\/\/ocorreionews.com.br\/wp-content\/uploads\/2015\/11\/caminhaogasms306b.jpg\"><img loading=\"lazy\" decoding=\"async\" class=\"alignnone wp-image-15061\" src=\"https:\/\/ocorreionews.com.br\/wp-content\/uploads\/2015\/11\/caminhaogasms306b-300x169.jpg\" alt=\"caminhaogasms306b\" width=\"337\" height=\"190\" srcset=\"https:\/\/www.ocorreionews.com.br\/acervo-correio\/wp-content\/uploads\/2015\/11\/caminhaogasms306b-300x169.jpg 300w, https:\/\/www.ocorreionews.com.br\/acervo-correio\/wp-content\/uploads\/2015\/11\/caminhaogasms306b.jpg 797w\" sizes=\"auto, (max-width: 337px) 100vw, 337px\" \/><\/a> <a href=\"https:\/\/ocorreionews.com.br\/wp-content\/uploads\/2015\/11\/caminhaogasms306bc.jpg\"><img loading=\"lazy\" decoding=\"async\" class=\"alignnone wp-image-15062\" src=\"https:\/\/ocorreionews.com.br\/wp-content\/uploads\/2015\/11\/caminhaogasms306bc-300x166.jpg\" alt=\"caminhaogasms306bc\" width=\"333\" height=\"184\" srcset=\"https:\/\/www.ocorreionews.com.br\/acervo-correio\/wp-content\/uploads\/2015\/11\/caminhaogasms306bc-300x166.jpg 300w, https:\/\/www.ocorreionews.com.br\/acervo-correio\/wp-content\/uploads\/2015\/11\/caminhaogasms306bc.jpg 798w\" sizes=\"auto, (max-width: 333px) 100vw, 333px\" \/><\/a><\/p>\n","protected":false},"excerpt":{"rendered":"<p>Um caminh\u00e3o carregado de g\u00e1s GLP (G\u00e1s Liquefeito de Petr\u00f3leo) tombou por volta da 13h desta quarta-feira (11), na MS-306 a aproximadamente 25 quil\u00f4metros de Costa Rica. O motorista Aguiar Alvarenga Junior, de 39 anos, e o passageiro Adalto Nagi, de 28 anos, ficaram feridos no acidente. Segundo informa\u00e7\u00f5es do site Edi\u00e7\u00e3o de Not\u00edcias, Aguiar [&hellip;]<\/p>\n","protected":false},"author":4,"featured_media":15060,"comment_status":"closed","ping_status":"closed","sticky":false,"template":"","format":"standard","meta":{"footnotes":""},"categories":[25,38],"tags":[],"class_list":["post-15059","post","type-post","status-publish","format-standard","has-post-thumbnail","hentry","category-costa-rica","category-policia"],"_links":{"self":[{"href":"https:\/\/www.ocorreionews.com.br\/acervo-correio\/index.php?rest_route=\/wp\/v2\/posts\/15059","targetHints":{"allow":["GET"]}}],"collection":[{"href":"https:\/\/www.ocorreionews.com.br\/acervo-correio\/index.php?rest_route=\/wp\/v2\/posts"}],"about":[{"href":"https:\/\/www.ocorreionews.com.br\/acervo-correio\/index.php?rest_route=\/wp\/v2\/types\/post"}],"author":[{"embeddable":true,"href":"https:\/\/www.ocorreionews.com.br\/acervo-correio\/index.php?rest_route=\/wp\/v2\/users\/4"}],"replies":[{"embeddable":true,"href":"https:\/\/www.ocorreionews.com.br\/acervo-correio\/index.php?rest_route=%2Fwp%2Fv2%2Fcomments&post=15059"}],"version-history":[{"count":0,"href":"https:\/\/www.ocorreionews.com.br\/acervo-correio\/index.php?rest_route=\/wp\/v2\/posts\/15059\/revisions"}],"wp:featuredmedia":[{"embeddable":true,"href":"https:\/\/www.ocorreionews.com.br\/acervo-correio\/index.php?rest_route=\/wp\/v2\/media\/15060"}],"wp:attachment":[{"href":"https:\/\/www.ocorreionews.com.br\/acervo-correio\/index.php?rest_route=%2Fwp%2Fv2%2Fmedia&parent=15059"}],"wp:term":[{"taxonomy":"category","embeddable":true,"href":"https:\/\/www.ocorreionews.com.br\/acervo-correio\/index.php?rest_route=%2Fwp%2Fv2%2Fcategories&post=15059"},{"taxonomy":"post_tag","embeddable":true,"href":"https:\/\/www.ocorreionews.com.br\/acervo-correio\/index.php?rest_route=%2Fwp%2Fv2%2Ftags&post=15059"}],"curies":[{"name":"wp","href":"https:\/\/api.w.org\/{rel}","templated":true}]}}