{"id":15065,"date":"2015-11-11T15:40:06","date_gmt":"2015-11-11T18:40:06","guid":{"rendered":"https:\/\/ocorreionews.com.br\/?p=15065"},"modified":"2015-11-11T16:57:07","modified_gmt":"2015-11-11T19:57:07","slug":"prefeito-contrata-advogado-e-recorre-a-justica-federal-para-que-o-ibge-faca-a-recontagem-da-populacao-de-costa-rica","status":"publish","type":"post","link":"https:\/\/www.ocorreionews.com.br\/acervo-correio\/?p=15065","title":{"rendered":"Prefeito contrata advogado e recorre \u00e0 Justi\u00e7a Federal para que o IBGE fa\u00e7a a recontagem da popula\u00e7\u00e3o de Costa Rica"},"content":{"rendered":"<div class=\"marginBottom30px link-Internas\">\n<p>O prefeito Waldeli dos Santos Rosa contratou o advogado Alexandre Bastos, que entrou com uma a\u00e7\u00e3o na Justi\u00e7a Federal, nesta semana, contra o IBGE &#8211; Instituto Brasileiro de Geografia e Estat\u00edstica &#8211; para pedir a recontagem da popula\u00e7\u00e3o de Costa Rica &#8211; MS. Conforme o gestor p\u00fablico, o objetivo da a\u00e7\u00e3o \u00e9 evitar a perda de recursos do FPM &#8211; Fundo de Participa\u00e7\u00e3o dos Munic\u00edpios &#8211; que comp\u00f5em a maior parte do or\u00e7amento de Costa Rica.<\/p>\n<p>Com apoio dos vereadores da base, no m\u00eas de agosto deste ano, o prefeito Waldeli, o presidente da C\u00e2mara de Vereadores Jos\u00e9 Augusto Maia Vasconcellos e o vice-presidente Averaldo Barbosa estiveram participando no Rio de Janeiro \u2013 RJ, de uma reuni\u00e3o com a diretoria do IBGE para cobrar uma solu\u00e7\u00e3o, como n\u00e3o foram atendidos, o Chefe do Executivo decidiu recorrer a Justi\u00e7a Federal.<\/p>\n<p>\u201cEsse contagem defasada impacta diretamente no repasse de recursos do Governo Federal, bem como, na capta\u00e7\u00e3o de verbas para a Sa\u00fade, Assist\u00eancia Social, Educa\u00e7\u00e3o, Benef\u00edcios Sociais como Bolsa Fam\u00edlia e Vale Renda. Pior ainda, at\u00e9 para que o Munic\u00edpio autorize a abertura de novos pontos de Moto-T\u00e1xi e T\u00e1xi essa estimativa do IBGE prejudica diretamente a popula\u00e7\u00e3o local\u201d, explica o Chefe do Executivo Municipal que complementa \u201cmuitas das decis\u00f5es s\u00e3o baseadas no n\u00famero de habitantes da cidade, ou seja, estamos sendo muito prejudicados\u201d.<\/p>\n<p>Para o prefeito Waldeli, Costa Rica conta hoje com uma popula\u00e7\u00e3o estimada de R$ 25 mil habitantes, no entanto, conforme dados divulgados pelo IBGE, a popula\u00e7\u00e3o costarriquense \u00e9 formada por 19.508. \u201cEssa recontagem \u00e9 de fundamental import\u00e2ncia para n\u00f3s, pois est\u00e1 evidente que com a chegada da usina recebemos muitas fam\u00edlias, mas ainda assim, est\u00e1 comprovado que a estimativa do IBGE est\u00e1 defasada, do contr\u00e1rio ter\u00edamos que aceitar que em nossa cidade n\u00e3o nascem pessoas, o que n\u00e3o \u00e9 verdade, pois segundo estimativa da Secretaria Municipal de Sa\u00fade, nascem no Munic\u00edpio aproximadamente 400 crian\u00e7as por ano\u201d.<\/p>\n<\/div>\n<div class=\"marginBottom30px link-Internas\">ASSECOM\/PMCR<\/div>\n","protected":false},"excerpt":{"rendered":"<p>O prefeito Waldeli dos Santos Rosa contratou o advogado Alexandre Bastos, que entrou com uma a\u00e7\u00e3o na Justi\u00e7a Federal, nesta semana, contra o IBGE &#8211; Instituto Brasileiro de Geografia e Estat\u00edstica &#8211; para pedir a recontagem da popula\u00e7\u00e3o de Costa Rica &#8211; MS. Conforme o gestor p\u00fablico, o objetivo da a\u00e7\u00e3o \u00e9 evitar a perda [&hellip;]<\/p>\n","protected":false},"author":4,"featured_media":15067,"comment_status":"closed","ping_status":"closed","sticky":false,"template":"","format":"standard","meta":{"footnotes":""},"categories":[25],"tags":[],"class_list":["post-15065","post","type-post","status-publish","format-standard","has-post-thumbnail","hentry","category-costa-rica"],"_links":{"self":[{"href":"https:\/\/www.ocorreionews.com.br\/acervo-correio\/index.php?rest_route=\/wp\/v2\/posts\/15065","targetHints":{"allow":["GET"]}}],"collection":[{"href":"https:\/\/www.ocorreionews.com.br\/acervo-correio\/index.php?rest_route=\/wp\/v2\/posts"}],"about":[{"href":"https:\/\/www.ocorreionews.com.br\/acervo-correio\/index.php?rest_route=\/wp\/v2\/types\/post"}],"author":[{"embeddable":true,"href":"https:\/\/www.ocorreionews.com.br\/acervo-correio\/index.php?rest_route=\/wp\/v2\/users\/4"}],"replies":[{"embeddable":true,"href":"https:\/\/www.ocorreionews.com.br\/acervo-correio\/index.php?rest_route=%2Fwp%2Fv2%2Fcomments&post=15065"}],"version-history":[{"count":0,"href":"https:\/\/www.ocorreionews.com.br\/acervo-correio\/index.php?rest_route=\/wp\/v2\/posts\/15065\/revisions"}],"wp:featuredmedia":[{"embeddable":true,"href":"https:\/\/www.ocorreionews.com.br\/acervo-correio\/index.php?rest_route=\/wp\/v2\/media\/15067"}],"wp:attachment":[{"href":"https:\/\/www.ocorreionews.com.br\/acervo-correio\/index.php?rest_route=%2Fwp%2Fv2%2Fmedia&parent=15065"}],"wp:term":[{"taxonomy":"category","embeddable":true,"href":"https:\/\/www.ocorreionews.com.br\/acervo-correio\/index.php?rest_route=%2Fwp%2Fv2%2Fcategories&post=15065"},{"taxonomy":"post_tag","embeddable":true,"href":"https:\/\/www.ocorreionews.com.br\/acervo-correio\/index.php?rest_route=%2Fwp%2Fv2%2Ftags&post=15065"}],"curies":[{"name":"wp","href":"https:\/\/api.w.org\/{rel}","templated":true}]}}