{"id":15073,"date":"2015-11-11T18:56:32","date_gmt":"2015-11-11T21:56:32","guid":{"rendered":"https:\/\/ocorreionews.com.br\/?p=15073"},"modified":"2015-11-11T18:56:32","modified_gmt":"2015-11-11T21:56:32","slug":"paraiso-das-aguas-tem-uma-administracao-solida-e-responsavel-uma-cidade-cada-vez-melhor","status":"publish","type":"post","link":"https:\/\/www.ocorreionews.com.br\/acervo-correio\/?p=15073","title":{"rendered":"Para\u00edso das \u00c1guas tem uma administra\u00e7\u00e3o s\u00f3lida e respons\u00e1vel; Uma cidade cada vez melhor!"},"content":{"rendered":"<p><span style=\"font-family: helvetica; font-size: small;\">O munic\u00edpio de Para\u00edso das \u00c1guas, o &#8220;ca\u00e7ula&#8221; de Mato Grosso do Sul e do Brasil, possui uma Administra\u00e7\u00e3o S\u00f3lida, como mostra os resultados das conquistas e a aprova\u00e7\u00e3o de suas contas junto ao Tribunal de Contas do Estado &#8211; TCE\/MS. Um dos poucos munic\u00edpios brasileiros que possui o site da transpar\u00eancia atualizado e \u00e0 disposi\u00e7\u00e3o dos cidad\u00e3os que queiram acompanhar as contas p\u00fablicas do munic\u00edpio. Com o site da transpar\u00eancia qualquer cidad\u00e3o tem acesso a todas as informa\u00e7\u00f5es financeiras da Prefeitura.<\/span><\/p>\n<div><span style=\"font-family: helvetica; font-size: small;\">\u00a0<\/span><\/div>\n<div><span style=\"font-family: helvetica; font-size: small;\">Instalado no dia 1\u00ba de janeiro de 2013, h\u00e1 exatos 2 anos e 314 dias, Para\u00edso das \u00c1guas vem se destacando no cen\u00e1rio politico-econ\u00f4mico, onde possui como gestor, o prefeito municipal Ivan da Cruz Pereira &#8211; o &#8220;XIXI&#8221; (PMDB), que faz uma administra\u00e7\u00e3o s\u00f3lida e muito respons\u00e1vel com o dinheiro p\u00fablico. Sua gest\u00e3o tem sido voltada para todas as \u00e1reas, em especial a &#8220;Sa\u00fade&#8221;, exemplo disto \u00e9 que antes de se tornar munic\u00edpio, o ent\u00e3o distrito de Para\u00edso contava com apenas um m\u00e9dico e uma ambul\u00e2ncia. Ap\u00f3s sua instala\u00e7\u00e3o, Para\u00edso das \u00c1guas passou a contar com 4 m\u00e9dicos, novas enfermeiras e profissionais da sa\u00fade, como psicologas, dentistas, fisioterapeutas, nutricionistas, 03 novas ambul\u00e2ncias, sendo uma Chevrolet S-10 e duas Toyota Hilux, todas zero quil\u00f4metro e equipadas, 01 van com capacidade para 23 passageiros, 01 Fiat Dobl\u00f4 e recentemente adquiriu uma Unidade de Terapia Intensiva &#8211; UTI M\u00f3vel, com Neo-natal, um exemplar que existe em poucos munic\u00edpios do pa\u00eds e que j\u00e1 est\u00e1 sendo usado para salvar vidas em Para\u00edso das \u00c1guas.<\/span><\/div>\n<div><img loading=\"lazy\" decoding=\"async\" class=\"\" src=\"https:\/\/ocorreionews.com.br\/wp-content\/uploads\/2015\/09\/DSC_3432-735x400.jpg\" alt=\"DSC_3432\" width=\"520\" height=\"283\" \/><\/div>\n<div><span style=\"font-family: helvetica; font-size: small;\">Ainda falando de sa\u00fade, foi reformado e ampliado a Unidade B\u00e1sica de Sa\u00fade de Para\u00edso das \u00c1guas (Posto de Sa\u00fade), abastecida a farm\u00e1cia do Estrat\u00e9gia Sa\u00fade de Fam\u00edlia &#8211; ESF, constru\u00eddo uma ampla e bela Unidade de Sa\u00fade no distrito de Pouso Alto e em breve uma nova unidade de sa\u00fade tamb\u00e9m ser\u00e1 inaugurada no distrito de Bela Alvorada. Ambos os distritos recebem atendimento m\u00e9dico, odontol\u00f3gico e acompanhamento nutricional,\u00a0fisioterap\u00eautico e outras especialidades. Antes, pela dist\u00e2ncia de suas sedes, os distritos acabavam sendo esquecidos pelas gest\u00f5es e hoje, a qualidade de vidas destas comunidades mudou para melhor.<\/span><\/div>\n<div><img loading=\"lazy\" decoding=\"async\" class=\"\" src=\"https:\/\/ocorreionews.com.br\/wp-content\/uploads\/2015\/09\/DSC_3354-735x400.jpg\" alt=\"DSC_3354\" width=\"520\" height=\"283\" \/><\/div>\n<div><span style=\"font-family: helvetica; font-size: small;\">\u00a0<\/span><\/div>\n<div><span style=\"font-family: helvetica; font-size: small;\">E falando em distritos,\u00a0Para\u00edso das \u00c1guas possui dois distritos, um distante 56 km e outro 30 km, sendo o de Pouso Alto e Bela Alvorada, que tamb\u00e9m tem tido uma aten\u00e7\u00e3o especial da Administra\u00e7\u00e3o Municipal. Quem passa por Pouso Alto, n\u00e3o acredita que em t\u00e3o pouco tempo, houve tantas mudan\u00e7as, o distrito est\u00e1 cem por cento asfaltado e em todas as \u00e1reas p\u00fablicas houve investimento e melhorias, principalmente na sa\u00fade e educa\u00e7\u00e3o.<\/span><\/div>\n<div><img loading=\"lazy\" decoding=\"async\" class=\"\" src=\"http:\/\/i.imgur.com\/s1grJXa.jpg\" alt=\"\" width=\"527\" height=\"350\" \/><\/div>\n<div><span style=\"font-family: helvetica; font-size: small;\">Um alto investimento foi feito na zona rural da regi\u00e3o de Bela Alvorada, onde as estradas antes intransit\u00e1veis, agora, conta com &#8220;tapete&#8221;. Somente na regi\u00e3o dos Cinco Conjuntos e Mutuca, foram investidos mais de R$ 2 milh\u00f5es, beneficiando os moradores daquela regi\u00e3o e facilitando o transporte escolar. Antes, uma crian\u00e7a era recolhida em na madrugada e chegava de volta somente altas horas da noite, hoje, o tempo foi reduzido e estas pessoas tiveram uma melhor qualidade de vida.<\/span><\/div>\n<div><span style=\"font-family: helvetica; font-size: small;\">\u00a0<\/span><\/div>\n<div><span style=\"font-family: helvetica; font-size: small;\">No distrito de Bela Alvorada, devido \u00e0 legaliza\u00e7\u00e3o da \u00e1rea onde est\u00e1\u00a0constru\u00eddo\u00a0os im\u00f3veis, primeiro deve ser legalizada para depois receber os investimentos p\u00fablicos. Mas a equipe\u00a0jur\u00eddica\u00a0da Prefeitura de Para\u00edso das \u00c1guas j\u00e1 est\u00e1 trabalhando\u00a0nisto, desde o inicio da gest\u00e3o e t\u00e3o breve ser\u00e1 legalizado e receber\u00e1 os investimentos previstos, garantiu Ivan Xixi.<\/span><\/div>\n<div><img loading=\"lazy\" decoding=\"async\" class=\"\" src=\"http:\/\/i.imgur.com\/ZVeAkuF.jpg\" alt=\"\" width=\"508\" height=\"336\" \/><img decoding=\"async\" src=\"http:\/\/www.britonews.com.br\/fotos\/noticias\/151482_0.jpg\" alt=\"\" \/><\/div>\n<div><\/div>\n<div><span style=\"font-family: helvetica; font-size: small;\">O assentamento Mateira que fica distante 15 Km de Para\u00edso das \u00c1guas, tamb\u00e9m recebeu grandes investimentos e uma aten\u00e7\u00e3o especial da Administra\u00e7\u00e3o Municipal. Treinamentos e capacita\u00e7\u00f5es pela Agraer, que tem proporcionado uma aten\u00e7\u00e3o especialista para os assentados, doa\u00e7\u00f5es de\u00a0s\u00eamen\u00a0de bovinos, condi\u00e7\u00f5es para\u00a0fomentar a Agricultura Familiar, melhorias nas estradas que d\u00e3o acesso aos lotes, transporte escolar de qualidade, transporte de pacientes para a sede, patrulha mecanizada atendendo os assentados, dentre outros\u00a0benef\u00edcios, marcam uma gest\u00e3o s\u00e9ria e comprometida com o bem estar de todos.<\/span><\/div>\n<div><span style=\"font-family: helvetica; font-size: small;\">\u00a0<\/span><\/div>\n<div><span style=\"font-family: helvetica; font-size: small;\">A regi\u00e3o do Projeto Alto Sucuri\u00fa &#8211; Incra, tamb\u00e9m \u00e9 um dos beneficiados, como recupera\u00e7\u00e3o de estradas e transporte escolar de qualidade. Investimentos s\u00e3o feitos e a comunidade s\u00e3o atendidas com servi\u00e7os p\u00fablicos de qualidade.<\/span><\/div>\n<div><span style=\"font-family: helvetica; font-size: small;\"><b>\u00a0<\/b><\/span><\/div>\n<div><span style=\"font-family: helvetica; font-size: small;\"><b>Para\u00edso das \u00c1guas quem te viu, quem te v\u00ea:<\/b> Uma cidade pequena, onde quem conheceu no passado, pode constatar uma grande mudan\u00e7a desde sua instala\u00e7\u00e3o. Uma cidade limpa, bem sinalizada e que a cada dia que passa, novos investimentos s\u00e3o anunciados e a popula\u00e7\u00e3o bem cuidada e atendida.<\/span><\/div>\n<div><span style=\"font-family: helvetica; font-size: small;\">\u00a0<\/span><\/div>\n<div><span style=\"font-family: helvetica; font-size: small;\">Nesta primeira etapa da mat\u00e9ria, focamos basicamente na sa\u00fade, mas iremos abordar na pr\u00f3xima edi\u00e7\u00e3o, outras \u00e1reas de investimento da Administra\u00e7\u00e3o Municipal, que unida com a C\u00e2mara de Vereadores, tem proporcionado grande avan\u00e7o no progresso e desenvolvimento do munic\u00edpio de Para\u00edso das \u00c1guas.\u00a0<\/span><\/div>\n<div><\/div>\n<div><span style=\"font-family: helvetica; font-size: small;\">Envie sua sugest\u00e3o para melhorias para nosso munic\u00edpio, fa\u00e7a sua critica e sugira. Entregaremos \u00e0 Administra\u00e7\u00e3o Municipal sua reivindica\u00e7\u00e3o e sua participa\u00e7\u00e3o:<b>\u00a0fernandodebrito@r7.com ou britoby@hotmail.com<\/b><\/span><\/div>\n<div><span style=\"font-family: helvetica; font-size: small;\">\u00a0<\/span><\/div>\n<div><span style=\"font-family: helvetica; font-size: small;\">Mat\u00e9ria Especial do jornalista\u00a0<b>Fernando de Brito<\/b><\/span><\/div>\n","protected":false},"excerpt":{"rendered":"<p>O munic\u00edpio de Para\u00edso das \u00c1guas, o &#8220;ca\u00e7ula&#8221; de Mato Grosso do Sul e do Brasil, possui uma Administra\u00e7\u00e3o S\u00f3lida, como mostra os resultados das conquistas e a aprova\u00e7\u00e3o de suas contas junto ao Tribunal de Contas do Estado &#8211; TCE\/MS. Um dos poucos munic\u00edpios brasileiros que possui o site da transpar\u00eancia atualizado e \u00e0 [&hellip;]<\/p>\n","protected":false},"author":4,"featured_media":15079,"comment_status":"closed","ping_status":"closed","sticky":false,"template":"","format":"standard","meta":{"footnotes":""},"categories":[36],"tags":[],"class_list":["post-15073","post","type-post","status-publish","format-standard","has-post-thumbnail","hentry","category-paraiso-das-aguas"],"_links":{"self":[{"href":"https:\/\/www.ocorreionews.com.br\/acervo-correio\/index.php?rest_route=\/wp\/v2\/posts\/15073","targetHints":{"allow":["GET"]}}],"collection":[{"href":"https:\/\/www.ocorreionews.com.br\/acervo-correio\/index.php?rest_route=\/wp\/v2\/posts"}],"about":[{"href":"https:\/\/www.ocorreionews.com.br\/acervo-correio\/index.php?rest_route=\/wp\/v2\/types\/post"}],"author":[{"embeddable":true,"href":"https:\/\/www.ocorreionews.com.br\/acervo-correio\/index.php?rest_route=\/wp\/v2\/users\/4"}],"replies":[{"embeddable":true,"href":"https:\/\/www.ocorreionews.com.br\/acervo-correio\/index.php?rest_route=%2Fwp%2Fv2%2Fcomments&post=15073"}],"version-history":[{"count":0,"href":"https:\/\/www.ocorreionews.com.br\/acervo-correio\/index.php?rest_route=\/wp\/v2\/posts\/15073\/revisions"}],"wp:featuredmedia":[{"embeddable":true,"href":"https:\/\/www.ocorreionews.com.br\/acervo-correio\/index.php?rest_route=\/wp\/v2\/media\/15079"}],"wp:attachment":[{"href":"https:\/\/www.ocorreionews.com.br\/acervo-correio\/index.php?rest_route=%2Fwp%2Fv2%2Fmedia&parent=15073"}],"wp:term":[{"taxonomy":"category","embeddable":true,"href":"https:\/\/www.ocorreionews.com.br\/acervo-correio\/index.php?rest_route=%2Fwp%2Fv2%2Fcategories&post=15073"},{"taxonomy":"post_tag","embeddable":true,"href":"https:\/\/www.ocorreionews.com.br\/acervo-correio\/index.php?rest_route=%2Fwp%2Fv2%2Ftags&post=15073"}],"curies":[{"name":"wp","href":"https:\/\/api.w.org\/{rel}","templated":true}]}}