{"id":15081,"date":"2015-11-11T19:05:38","date_gmt":"2015-11-11T22:05:38","guid":{"rendered":"https:\/\/ocorreionews.com.br\/?p=15081"},"modified":"2015-11-11T19:05:38","modified_gmt":"2015-11-11T22:05:38","slug":"camara-de-vereadores-aprova-declaracao-de-utilidade-publica-ao-grupo-escoteiro-guardioes-do-cerrado","status":"publish","type":"post","link":"https:\/\/www.ocorreionews.com.br\/acervo-correio\/?p=15081","title":{"rendered":"C\u00e2mara de Vereadores aprova declara\u00e7\u00e3o de Utilidade P\u00fablica ao Grupo Escoteiro Guardi\u00f5es do Cerrado"},"content":{"rendered":"<p>Durante os trabalhos do Poder Legislativo no dia 03 de novembro\/15, os vereadores aprovaram por unanimidade de votos o Projeto de Lei N\u00ba 035\/15, que declara de utilidade p\u00fablica a entidade GRUPO ESCOTEITO GUARDI\u00d5ES DO CERRADO.<\/p>\n<p>Os vereadores destacaram a import\u00e2ncia da referida entidade para o munic\u00edpio de Chapad\u00e3o do C\u00e9u. O escotismo \u00e9 uma filosofia de vida que ensina o respeito pela natureza, \u00e0 toler\u00e2ncia, a igualdade, o companheirismo, a atividade f\u00edsica e a capacidade de superar adversidades.<\/p>\n<p>Assecom C\u00e2mara Municipal<\/p>\n","protected":false},"excerpt":{"rendered":"<p>Durante os trabalhos do Poder Legislativo no dia 03 de novembro\/15, os vereadores aprovaram por unanimidade de votos o Projeto de Lei N\u00ba 035\/15, que declara de utilidade p\u00fablica a entidade GRUPO ESCOTEITO GUARDI\u00d5ES DO CERRADO. Os vereadores destacaram a import\u00e2ncia da referida entidade para o munic\u00edpio de Chapad\u00e3o do C\u00e9u. O escotismo \u00e9 uma [&hellip;]<\/p>\n","protected":false},"author":4,"featured_media":15082,"comment_status":"closed","ping_status":"closed","sticky":false,"template":"","format":"standard","meta":{"footnotes":""},"categories":[22],"tags":[],"class_list":["post-15081","post","type-post","status-publish","format-standard","has-post-thumbnail","hentry","category-chapadao-do-ceu"],"_links":{"self":[{"href":"https:\/\/www.ocorreionews.com.br\/acervo-correio\/index.php?rest_route=\/wp\/v2\/posts\/15081","targetHints":{"allow":["GET"]}}],"collection":[{"href":"https:\/\/www.ocorreionews.com.br\/acervo-correio\/index.php?rest_route=\/wp\/v2\/posts"}],"about":[{"href":"https:\/\/www.ocorreionews.com.br\/acervo-correio\/index.php?rest_route=\/wp\/v2\/types\/post"}],"author":[{"embeddable":true,"href":"https:\/\/www.ocorreionews.com.br\/acervo-correio\/index.php?rest_route=\/wp\/v2\/users\/4"}],"replies":[{"embeddable":true,"href":"https:\/\/www.ocorreionews.com.br\/acervo-correio\/index.php?rest_route=%2Fwp%2Fv2%2Fcomments&post=15081"}],"version-history":[{"count":0,"href":"https:\/\/www.ocorreionews.com.br\/acervo-correio\/index.php?rest_route=\/wp\/v2\/posts\/15081\/revisions"}],"wp:featuredmedia":[{"embeddable":true,"href":"https:\/\/www.ocorreionews.com.br\/acervo-correio\/index.php?rest_route=\/wp\/v2\/media\/15082"}],"wp:attachment":[{"href":"https:\/\/www.ocorreionews.com.br\/acervo-correio\/index.php?rest_route=%2Fwp%2Fv2%2Fmedia&parent=15081"}],"wp:term":[{"taxonomy":"category","embeddable":true,"href":"https:\/\/www.ocorreionews.com.br\/acervo-correio\/index.php?rest_route=%2Fwp%2Fv2%2Fcategories&post=15081"},{"taxonomy":"post_tag","embeddable":true,"href":"https:\/\/www.ocorreionews.com.br\/acervo-correio\/index.php?rest_route=%2Fwp%2Fv2%2Ftags&post=15081"}],"curies":[{"name":"wp","href":"https:\/\/api.w.org\/{rel}","templated":true}]}}