{"id":15084,"date":"2015-11-11T19:06:30","date_gmt":"2015-11-11T22:06:30","guid":{"rendered":"https:\/\/ocorreionews.com.br\/?p=15084"},"modified":"2015-11-11T19:06:30","modified_gmt":"2015-11-11T22:06:30","slug":"vereador-paulo-sergio-apresenta-pedido-para-doacao-de-projetores-multimidia-ao-colegio-fruto-da-terra","status":"publish","type":"post","link":"https:\/\/www.ocorreionews.com.br\/acervo-correio\/?p=15084","title":{"rendered":"Vereador Paulo S\u00e9rgio apresenta pedido para doa\u00e7\u00e3o de Projetores Multim\u00eddia ao Col\u00e9gio Fruto da Terra"},"content":{"rendered":"<div class=\"row \">\n<p style=\"text-align: justify;\">Em Sess\u00e3o Ordin\u00e1ria realizada no dia 04 de novembro\/15, o Vereador Paulo S\u00e9rgio Alves de P\u00e1dua (PTB), apresentou pedido atrav\u00e9s do requerimento N\u00ba 065\/15, que o mun\u00edcipio de Chapad\u00e3o do C\u00e9u atrav\u00e9s do Poder Executivo viabilize a compra de 05 Projetores Multim\u00eddia (data show), para serem repassados ao Col\u00e9gio Fruto de Terra.<\/p>\n<p style=\"text-align: justify;\">Segundo o Vereador Paulo S\u00e9rgio, o Col\u00e9gio Fruto da Terra disp\u00f5e atualmente de apenas um equipamento que est\u00e1 sendo compartilhado entre todas as salas de aula, levando em considera\u00e7\u00e3o que os alunos aprovaram as aulas realizadas com a utiliza\u00e7\u00e3o do equipamento que proporciona a proje\u00e7\u00e3o de imagens, textos e v\u00eddeos.<\/p>\n<p style=\"text-align: justify;\">\u201cO Col\u00e9gio Fruto de Terra \u00e9 estadual, por\u00e9m os alunos s\u00e3o aqui de Chapad\u00e3o do C\u00e9u e ser\u00e3o nossos futuros comerciantes, pol\u00edticos e empres\u00e1rios, por isso merecem a devida aten\u00e7\u00e3o do munic\u00edpio, pois o col\u00e9gio est\u00e1 praticamente abandonado pelo Estado de Goi\u00e1s\u201d Citou.<\/p>\n<p style=\"text-align: justify;\">Destacou ainda que os equipamentos seriam do munic\u00edpio e cedidos em forma de comodato ao Col\u00e9gio Fruto da Terra.<\/p>\n<p style=\"text-align: justify;\">Assecom C\u00e2mara Municipal<\/p>\n<\/div>\n","protected":false},"excerpt":{"rendered":"<p>Em Sess\u00e3o Ordin\u00e1ria realizada no dia 04 de novembro\/15, o Vereador Paulo S\u00e9rgio Alves de P\u00e1dua (PTB), apresentou pedido atrav\u00e9s do requerimento N\u00ba 065\/15, que o mun\u00edcipio de Chapad\u00e3o do C\u00e9u atrav\u00e9s do Poder Executivo viabilize a compra de 05 Projetores Multim\u00eddia (data show), para serem repassados ao Col\u00e9gio Fruto de Terra. Segundo o Vereador [&hellip;]<\/p>\n","protected":false},"author":4,"featured_media":4442,"comment_status":"closed","ping_status":"closed","sticky":false,"template":"","format":"standard","meta":{"footnotes":""},"categories":[22],"tags":[],"class_list":["post-15084","post","type-post","status-publish","format-standard","has-post-thumbnail","hentry","category-chapadao-do-ceu"],"_links":{"self":[{"href":"https:\/\/www.ocorreionews.com.br\/acervo-correio\/index.php?rest_route=\/wp\/v2\/posts\/15084","targetHints":{"allow":["GET"]}}],"collection":[{"href":"https:\/\/www.ocorreionews.com.br\/acervo-correio\/index.php?rest_route=\/wp\/v2\/posts"}],"about":[{"href":"https:\/\/www.ocorreionews.com.br\/acervo-correio\/index.php?rest_route=\/wp\/v2\/types\/post"}],"author":[{"embeddable":true,"href":"https:\/\/www.ocorreionews.com.br\/acervo-correio\/index.php?rest_route=\/wp\/v2\/users\/4"}],"replies":[{"embeddable":true,"href":"https:\/\/www.ocorreionews.com.br\/acervo-correio\/index.php?rest_route=%2Fwp%2Fv2%2Fcomments&post=15084"}],"version-history":[{"count":0,"href":"https:\/\/www.ocorreionews.com.br\/acervo-correio\/index.php?rest_route=\/wp\/v2\/posts\/15084\/revisions"}],"wp:featuredmedia":[{"embeddable":true,"href":"https:\/\/www.ocorreionews.com.br\/acervo-correio\/index.php?rest_route=\/wp\/v2\/media\/4442"}],"wp:attachment":[{"href":"https:\/\/www.ocorreionews.com.br\/acervo-correio\/index.php?rest_route=%2Fwp%2Fv2%2Fmedia&parent=15084"}],"wp:term":[{"taxonomy":"category","embeddable":true,"href":"https:\/\/www.ocorreionews.com.br\/acervo-correio\/index.php?rest_route=%2Fwp%2Fv2%2Fcategories&post=15084"},{"taxonomy":"post_tag","embeddable":true,"href":"https:\/\/www.ocorreionews.com.br\/acervo-correio\/index.php?rest_route=%2Fwp%2Fv2%2Ftags&post=15084"}],"curies":[{"name":"wp","href":"https:\/\/api.w.org\/{rel}","templated":true}]}}