{"id":15506,"date":"2015-11-18T08:17:21","date_gmt":"2015-11-18T11:17:21","guid":{"rendered":"https:\/\/ocorreionews.com.br\/?p=15506"},"modified":"2015-11-18T08:17:21","modified_gmt":"2015-11-18T11:17:21","slug":"pai-mata-filho-de-dois-anos-no-pr-e-diz-que-estava-com-medo-de-perder-o-emprego","status":"publish","type":"post","link":"https:\/\/www.ocorreionews.com.br\/acervo-correio\/?p=15506","title":{"rendered":"Pai mata filho de dois anos no PR e diz que estava com medo de perder o emprego"},"content":{"rendered":"<p style=\"text-align: justify;\">Um homem de 43 anos \u00e9 suspeito de matar o pr\u00f3prio filho de dois anos em Rio Branco do Sul, regi\u00e3o metropolitana de Curitiba (PR). O pai confessou ter cometido o crime porque teve medo de perder o emprego e chegou a forjar um sequestro para enganar a pol\u00edcia<\/p>\n<div class=\"fright\" style=\"text-align: justify;\"><ins class=\"adsbygoogle\" data-adsbygoogle-status=\"done\" data-ad-client=\"ca-pub-5069714589536887\" data-ad-slot=\"4821478406\"><ins id=\"aswift_1_expand\"><ins id=\"aswift_1_anchor\">\u00a0<\/ins><\/ins><\/ins><\/div>\n<p style=\"text-align: justify;\">Depois de mentiras e mais mentiras eis que o pai da crian\u00e7a resolveu falar a verdade. N\u00e3o teve assalto nem sequestro. A \u00faltima vers\u00e3o que ele contou \u00e9 de arrepiar os p\u00ealos do corpo inteiro.<\/p>\n<p style=\"text-align: justify;\">Segundo ele, primeiro tentou matar a crian\u00e7a afogada no Santa Cruz, mergulhou a cabe\u00e7a na \u00e1gua e ficou for\u00e7ando pelas costas. Como o Erick se debatia muito, tentou for\u00e7ar mais um pouco, com o corpo mais que metade na \u00e1gua. Os p\u00e9s da crian\u00e7a come\u00e7aram a bater na cara dele, nisso a crian\u00e7a j\u00e1 estava quase desacordada e tossindo muito.<\/p>\n<p style=\"text-align: justify;\">O pai p\u00f4s a crian\u00e7a no banco da frente e come\u00e7ou a andar sem rumo com o carro. Pra terminar a arte diab\u00f3lica com as m\u00e3os sujas de areia e barro foi sufocando o pesco\u00e7o, enfiando os dedos na boca e fechando o nariz. O pobre Erick j\u00e1 dominado pelo afogamento foi uma presa f\u00e1cil e minutos depois do sufocamento morreu. O corpo foi localizado no in\u00edcio da tarde desta ter\u00e7a-feira (17). Erick Pereira, de dois anos, que estava desaparecido desde a tarde de domingo (15).<\/p>\n<p style=\"text-align: justify;\"><img loading=\"lazy\" decoding=\"async\" class=\"alignleft\" src=\"http:\/\/img.r7.com\/images\/2015\/11\/17\/4ycuym4x3r_2f9y5fqba1_file?dimensions=780x536&amp;no_crop=true\" alt=\"A pol\u00edcia fez buscas por cerca de 70 km junto com o pai do menino. A vers\u00e3o dele n\u00e3o era clara e tinha muitas contradi\u00e7\u00f5es, segundo a pol\u00edcia. Durante as buscas, ele confessou o crime\" width=\"238\" height=\"292\" \/>O pai da crian\u00e7a, Daniel Pereira, de 43 anos, est\u00e1 preso e confessou que matou o pr\u00f3prio filho. Inicialmente, o homem alegava que a crian\u00e7a teria sido morta durante um suposto assalto seguido de sequestro.<\/p>\n<p style=\"text-align: justify;\">Em depoimento, o homem disse que matou o filho porque teria sido transferido de setor na empresa onde trabalha. Com medo de perder o emprego e n\u00e3o conseguir sustentar a fam\u00edlia, o pai teria matado a crian\u00e7a.<\/p>\n<p style=\"text-align: justify;\"><img loading=\"lazy\" decoding=\"async\" class=\" wp-image-42161 alignright\" src=\"http:\/\/plantaojti.com.br\/wp-content\/uploads\/2015\/11\/carrp.png\" alt=\"carrp\" width=\"336\" height=\"250\" \/>Segundo as primeiras informa\u00e7\u00f5es, o corpo foi localizado na Col\u00f4nia Zacarias, \u00e1rea rural de S\u00e3o Jos\u00e9 dos Pinhais. O carro do Instituto M\u00e9dico Legal est\u00e1 a caminho do local. Ainda n\u00e3o h\u00e1 informa\u00e7\u00f5es sobre a causa da morte.<\/p>\n<h3 style=\"text-align: justify;\">O caso<\/h3>\n<p style=\"text-align: justify;\">O pai da crian\u00e7a, Daniel Pereira, de 43 anos, procurou ajuda na manh\u00e3 de segunda-feira (16) afirmando que bandidos teriam matado seu filho. De acordo com o depoimento, o homem passeava de carro com o filho em uma lagoa no munic\u00edpio de Rio Branco do Sul, quando os dois teriam sido abordados por criminosos, que anunciaram um assalto.<\/p>\n<p style=\"text-align: justify;\">De acordo com ele, os bandidos teriam obrigado pai e filho a entrarem no pr\u00f3prio ve\u00edculo e durante o trajeto teriam matado a crian\u00e7a com dois tiros, pois, segundo os criminosos, o garoto chorava muito. O pai teria conseguido escapar dos bandidos e procurado ajuda em uma Unidade de Pronto Atendimento (UPA) em Itaperu\u00e7u na manh\u00e3 de segunda-feira (16). Informa\u00e7\u00f5es\u00a0correiodoar<\/p>\n","protected":false},"excerpt":{"rendered":"<p>Um homem de 43 anos \u00e9 suspeito de matar o pr\u00f3prio filho de dois anos em Rio Branco do Sul, regi\u00e3o metropolitana de Curitiba (PR). O pai confessou ter cometido o crime porque teve medo de perder o emprego e chegou a forjar um sequestro para enganar a pol\u00edcia \u00a0 Depois de mentiras e mais [&hellip;]<\/p>\n","protected":false},"author":4,"featured_media":15507,"comment_status":"closed","ping_status":"closed","sticky":false,"template":"","format":"standard","meta":{"footnotes":""},"categories":[38],"tags":[],"class_list":["post-15506","post","type-post","status-publish","format-standard","has-post-thumbnail","hentry","category-policia"],"_links":{"self":[{"href":"https:\/\/www.ocorreionews.com.br\/acervo-correio\/index.php?rest_route=\/wp\/v2\/posts\/15506","targetHints":{"allow":["GET"]}}],"collection":[{"href":"https:\/\/www.ocorreionews.com.br\/acervo-correio\/index.php?rest_route=\/wp\/v2\/posts"}],"about":[{"href":"https:\/\/www.ocorreionews.com.br\/acervo-correio\/index.php?rest_route=\/wp\/v2\/types\/post"}],"author":[{"embeddable":true,"href":"https:\/\/www.ocorreionews.com.br\/acervo-correio\/index.php?rest_route=\/wp\/v2\/users\/4"}],"replies":[{"embeddable":true,"href":"https:\/\/www.ocorreionews.com.br\/acervo-correio\/index.php?rest_route=%2Fwp%2Fv2%2Fcomments&post=15506"}],"version-history":[{"count":0,"href":"https:\/\/www.ocorreionews.com.br\/acervo-correio\/index.php?rest_route=\/wp\/v2\/posts\/15506\/revisions"}],"wp:featuredmedia":[{"embeddable":true,"href":"https:\/\/www.ocorreionews.com.br\/acervo-correio\/index.php?rest_route=\/wp\/v2\/media\/15507"}],"wp:attachment":[{"href":"https:\/\/www.ocorreionews.com.br\/acervo-correio\/index.php?rest_route=%2Fwp%2Fv2%2Fmedia&parent=15506"}],"wp:term":[{"taxonomy":"category","embeddable":true,"href":"https:\/\/www.ocorreionews.com.br\/acervo-correio\/index.php?rest_route=%2Fwp%2Fv2%2Fcategories&post=15506"},{"taxonomy":"post_tag","embeddable":true,"href":"https:\/\/www.ocorreionews.com.br\/acervo-correio\/index.php?rest_route=%2Fwp%2Fv2%2Ftags&post=15506"}],"curies":[{"name":"wp","href":"https:\/\/api.w.org\/{rel}","templated":true}]}}