{"id":15509,"date":"2015-11-18T08:55:37","date_gmt":"2015-11-18T11:55:37","guid":{"rendered":"https:\/\/ocorreionews.com.br\/?p=15509"},"modified":"2015-11-18T08:55:37","modified_gmt":"2015-11-18T11:55:37","slug":"saude-confirma-7a-morte-por-influenza-em-mato-grosso-do-sul","status":"publish","type":"post","link":"https:\/\/www.ocorreionews.com.br\/acervo-correio\/?p=15509","title":{"rendered":"Sa\u00fade confirma 7\u00aa morte por influenza em Mato Grosso do Sul"},"content":{"rendered":"<p>A Secretaria Municipal de Sa\u00fade P\u00fablica (Sesau) de Campo Grande confirmou a 7\u00aa morte pelo v\u00edrus Influenza tipo \u201cB\u201d. A v\u00edtima \u00e9 um funcion\u00e1rio dos Correios de 48 anos, que morreu na sexta-feira (13).<\/p>\n<p>\u00c0 TV Morena, a Empresa Brasileira de Correios e Tel\u00e9grafos confirmou, por meio da assessoria da imprensa, que o homem era funcion\u00e1rio do \u00f3rg\u00e3o p\u00fablico e vinha apresentando sintomas da doen\u00e7a desde o in\u00edcio da \u00faltima semana, mas n\u00e3o procurou atendimento m\u00e9dico.<\/p>\n<p>Por orienta\u00e7\u00e3o da Sesau, a empresa reuniu os funcion\u00e1rios para recomendar que procurassem atendimento caso apresentassem algum sintoma. O \u00faltimo boletim epidemiol\u00f3gico da gripe, divulgado em 21 de outubro pela Secretaria de Estado de Sa\u00fade (SES), informava que todos os \u00f3bitos anteriores foram na capital de Mato Grosso do Sul.<\/p>\n<p>J\u00e1 foram confirmados 261 casos de s\u00edndrome respirat\u00f3ria aguda grave (SRAG), quatro de Influenza \u201cA\u201d H1N1, 24 de Influenza \u201cA\u201d H3N2 e sete de Influenza \u201cB\u201d. Em rela\u00e7\u00e3o aos \u00f3bitos, foram 4 por H3N2, um por H1N1 e um por Influenza \u201cB\u201d.<\/p>\n<p>&nbsp;<\/p>\n<p>&nbsp;<\/p>\n<p>G1 MS<\/p>\n","protected":false},"excerpt":{"rendered":"<p>A Secretaria Municipal de Sa\u00fade P\u00fablica (Sesau) de Campo Grande confirmou a 7\u00aa morte pelo v\u00edrus Influenza tipo \u201cB\u201d. A v\u00edtima \u00e9 um funcion\u00e1rio dos Correios de 48 anos, que morreu na sexta-feira (13). \u00c0 TV Morena, a Empresa Brasileira de Correios e Tel\u00e9grafos confirmou, por meio da assessoria da imprensa, que o homem era [&hellip;]<\/p>\n","protected":false},"author":4,"featured_media":5578,"comment_status":"closed","ping_status":"closed","sticky":false,"template":"","format":"standard","meta":{"footnotes":""},"categories":[39],"tags":[],"class_list":["post-15509","post","type-post","status-publish","format-standard","has-post-thumbnail","hentry","category-saude"],"_links":{"self":[{"href":"https:\/\/www.ocorreionews.com.br\/acervo-correio\/index.php?rest_route=\/wp\/v2\/posts\/15509","targetHints":{"allow":["GET"]}}],"collection":[{"href":"https:\/\/www.ocorreionews.com.br\/acervo-correio\/index.php?rest_route=\/wp\/v2\/posts"}],"about":[{"href":"https:\/\/www.ocorreionews.com.br\/acervo-correio\/index.php?rest_route=\/wp\/v2\/types\/post"}],"author":[{"embeddable":true,"href":"https:\/\/www.ocorreionews.com.br\/acervo-correio\/index.php?rest_route=\/wp\/v2\/users\/4"}],"replies":[{"embeddable":true,"href":"https:\/\/www.ocorreionews.com.br\/acervo-correio\/index.php?rest_route=%2Fwp%2Fv2%2Fcomments&post=15509"}],"version-history":[{"count":0,"href":"https:\/\/www.ocorreionews.com.br\/acervo-correio\/index.php?rest_route=\/wp\/v2\/posts\/15509\/revisions"}],"wp:featuredmedia":[{"embeddable":true,"href":"https:\/\/www.ocorreionews.com.br\/acervo-correio\/index.php?rest_route=\/wp\/v2\/media\/5578"}],"wp:attachment":[{"href":"https:\/\/www.ocorreionews.com.br\/acervo-correio\/index.php?rest_route=%2Fwp%2Fv2%2Fmedia&parent=15509"}],"wp:term":[{"taxonomy":"category","embeddable":true,"href":"https:\/\/www.ocorreionews.com.br\/acervo-correio\/index.php?rest_route=%2Fwp%2Fv2%2Fcategories&post=15509"},{"taxonomy":"post_tag","embeddable":true,"href":"https:\/\/www.ocorreionews.com.br\/acervo-correio\/index.php?rest_route=%2Fwp%2Fv2%2Ftags&post=15509"}],"curies":[{"name":"wp","href":"https:\/\/api.w.org\/{rel}","templated":true}]}}