{"id":16228,"date":"2015-12-01T08:44:42","date_gmt":"2015-12-01T11:44:42","guid":{"rendered":"https:\/\/ocorreionews.com.br\/?p=16228"},"modified":"2015-12-01T08:44:57","modified_gmt":"2015-12-01T11:44:57","slug":"nesta-quinta-abre-programacao-do-natal-em-chapadao-do-sul","status":"publish","type":"post","link":"https:\/\/www.ocorreionews.com.br\/acervo-correio\/?p=16228","title":{"rendered":"Nesta quinta abre programa\u00e7\u00e3o do natal em Chapad\u00e3o do Sul"},"content":{"rendered":"<p>A decora\u00e7\u00e3o montada nas principais avenidas e pra\u00e7as da cidade j\u00e1 est\u00e1 quase pronta, e nesta quinta-feira, dia 03, evento em frente ao Pa\u00e7o Municipal abrir\u00e1 a programa\u00e7\u00e3o do natal e final de ano em Chapad\u00e3o do Sul.<\/p>\n<p>A Prefeitura, em uma a\u00e7\u00e3o conjunta entre as Secretarias de Assist\u00eancia Social e Cultura e Esporte est\u00e1 preparando v\u00e1rias apresenta\u00e7\u00f5es culturais para a abertura oficial do natal na cidade.<\/p>\n<p>Acontecer\u00e3o apresenta\u00e7\u00f5es musicais, teatro sobre o natal com o Projeto M\u00fasica e Arte, al\u00e9m da inaugura\u00e7\u00e3o da ilumina\u00e7\u00e3o de natal.<\/p>\n<p>A decora\u00e7\u00e3o foi montada nas Avenidas Dezesseis, Onze, Seis e Oito, al\u00e9m da Pra\u00e7a de Eventos, Pra\u00e7a de 23 de Outubro, Pra\u00e7a da Avenida Goi\u00e1s, rotat\u00f3rias, Prefeitura, entre outros pontos. O tradicional pres\u00e9pio est\u00e1 na Pra\u00e7a de Eventos.<\/p>\n<p>Este ano, em fun\u00e7\u00e3o da conten\u00e7\u00e3o de gastos, a decora\u00e7\u00e3o n\u00e3o ter\u00e1 novidades, com a utiliza\u00e7\u00e3o do material de anos anteriores, sendo apenas feita a reposi\u00e7\u00e3o de l\u00e2mpadas queimadas. Foram montados s\u00edmbolos natalinos, como \u00e1rvores, guirlandas, anjos, lumin\u00e1rias, estrelas e outros.<\/p>\n<p>Toda popula\u00e7\u00e3o est\u00e1 convidada para prestigiar a abertura do natal, na quinta-feira, dia 03, a partir das 19 horas, em frente \u00e0 Prefeitura.<\/p>\n<p>&nbsp;<\/p>\n<p>&nbsp;<\/p>\n<p>Assecom &#8211; PMCS<\/p>\n","protected":false},"excerpt":{"rendered":"<p>A decora\u00e7\u00e3o montada nas principais avenidas e pra\u00e7as da cidade j\u00e1 est\u00e1 quase pronta, e nesta quinta-feira, dia 03, evento em frente ao Pa\u00e7o Municipal abrir\u00e1 a programa\u00e7\u00e3o do natal e final de ano em Chapad\u00e3o do Sul. A Prefeitura, em uma a\u00e7\u00e3o conjunta entre as Secretarias de Assist\u00eancia Social e Cultura e Esporte est\u00e1 [&hellip;]<\/p>\n","protected":false},"author":4,"featured_media":16229,"comment_status":"closed","ping_status":"closed","sticky":false,"template":"","format":"standard","meta":{"footnotes":""},"categories":[23],"tags":[],"class_list":["post-16228","post","type-post","status-publish","format-standard","has-post-thumbnail","hentry","category-chapadao-do-sul"],"_links":{"self":[{"href":"https:\/\/www.ocorreionews.com.br\/acervo-correio\/index.php?rest_route=\/wp\/v2\/posts\/16228","targetHints":{"allow":["GET"]}}],"collection":[{"href":"https:\/\/www.ocorreionews.com.br\/acervo-correio\/index.php?rest_route=\/wp\/v2\/posts"}],"about":[{"href":"https:\/\/www.ocorreionews.com.br\/acervo-correio\/index.php?rest_route=\/wp\/v2\/types\/post"}],"author":[{"embeddable":true,"href":"https:\/\/www.ocorreionews.com.br\/acervo-correio\/index.php?rest_route=\/wp\/v2\/users\/4"}],"replies":[{"embeddable":true,"href":"https:\/\/www.ocorreionews.com.br\/acervo-correio\/index.php?rest_route=%2Fwp%2Fv2%2Fcomments&post=16228"}],"version-history":[{"count":0,"href":"https:\/\/www.ocorreionews.com.br\/acervo-correio\/index.php?rest_route=\/wp\/v2\/posts\/16228\/revisions"}],"wp:featuredmedia":[{"embeddable":true,"href":"https:\/\/www.ocorreionews.com.br\/acervo-correio\/index.php?rest_route=\/wp\/v2\/media\/16229"}],"wp:attachment":[{"href":"https:\/\/www.ocorreionews.com.br\/acervo-correio\/index.php?rest_route=%2Fwp%2Fv2%2Fmedia&parent=16228"}],"wp:term":[{"taxonomy":"category","embeddable":true,"href":"https:\/\/www.ocorreionews.com.br\/acervo-correio\/index.php?rest_route=%2Fwp%2Fv2%2Fcategories&post=16228"},{"taxonomy":"post_tag","embeddable":true,"href":"https:\/\/www.ocorreionews.com.br\/acervo-correio\/index.php?rest_route=%2Fwp%2Fv2%2Ftags&post=16228"}],"curies":[{"name":"wp","href":"https:\/\/api.w.org\/{rel}","templated":true}]}}