{"id":16232,"date":"2015-12-01T08:51:58","date_gmt":"2015-12-01T11:51:58","guid":{"rendered":"https:\/\/ocorreionews.com.br\/?p=16232"},"modified":"2015-12-01T08:51:58","modified_gmt":"2015-12-01T11:51:58","slug":"prefeitura-de-paraiso-das-aguas-realizou-palestra-sobre-apicultura","status":"publish","type":"post","link":"https:\/\/www.ocorreionews.com.br\/acervo-correio\/?p=16232","title":{"rendered":"Prefeitura de Para\u00edso das \u00c1guas realizou palestra sobre apicultura"},"content":{"rendered":"<div class=\"col-xs-12 col-sm-6 col-md-6\">\n<p>A Prefeitura Municipal de Para\u00edso das \u00c1guas e C\u00e2mara Municipal em parceria com a Federa\u00e7\u00e3o de Apicultura e Meliponicultura de Mato Grosso do Sul realizou na \u00faltima sexta-feira, dia 27 de novembro no Assentamento Mateira e posteriormente na C\u00e2mara Municipal a palestra: Apicultura: uma nova realidade econ\u00f4mica para o munic\u00edpio de Para\u00edso das \u00c1guas\u201d.<\/p>\n<p>No evento foram apresentados slides e exposto aos presentes as vantagens da apicultura como \u00e9 feito a cria\u00e7\u00e3o das abelhas, qual investimento inicial, a rentabilidade do neg\u00f3cio, como \u00e9 feito a organiza\u00e7\u00e3o da colmeia, como cuidar dessas colmeias e como est\u00e1 a realidade econ\u00f4mica desse setor para o munic\u00edpio de Paraiso das \u00c1guas.<\/p>\n<p>O palestrante do evento foi o presidente da FEAMS, Gustavo Nadeu Bijos, que respondeu aos questionamentos da comunidade e sanou as d\u00favidas da popula\u00e7\u00e3o sobre a cria\u00e7\u00e3o de abelha, com o objetivo de desenvolver e fortalecer a cadeia ap\u00edcola no munic\u00edpio de Para\u00edso das \u00c1guas.<\/p>\n<p>As palestras foram gratuitas.<\/p>\n<p>&nbsp;<\/p>\n<p>ASSECOM- Prefeitura Municipal de Para\u00edso das \u00c1guas- MS<br \/>\nTexto e Foto: Daniela Loss\u00e1vero<\/p>\n<p>&nbsp;<\/p>\n<\/div>\n","protected":false},"excerpt":{"rendered":"<p>A Prefeitura Municipal de Para\u00edso das \u00c1guas e C\u00e2mara Municipal em parceria com a Federa\u00e7\u00e3o de Apicultura e Meliponicultura de Mato Grosso do Sul realizou na \u00faltima sexta-feira, dia 27 de novembro no Assentamento Mateira e posteriormente na C\u00e2mara Municipal a palestra: Apicultura: uma nova realidade econ\u00f4mica para o munic\u00edpio de Para\u00edso das \u00c1guas\u201d. No [&hellip;]<\/p>\n","protected":false},"author":4,"featured_media":16233,"comment_status":"closed","ping_status":"closed","sticky":false,"template":"","format":"standard","meta":{"footnotes":""},"categories":[36],"tags":[],"class_list":["post-16232","post","type-post","status-publish","format-standard","has-post-thumbnail","hentry","category-paraiso-das-aguas"],"_links":{"self":[{"href":"https:\/\/www.ocorreionews.com.br\/acervo-correio\/index.php?rest_route=\/wp\/v2\/posts\/16232","targetHints":{"allow":["GET"]}}],"collection":[{"href":"https:\/\/www.ocorreionews.com.br\/acervo-correio\/index.php?rest_route=\/wp\/v2\/posts"}],"about":[{"href":"https:\/\/www.ocorreionews.com.br\/acervo-correio\/index.php?rest_route=\/wp\/v2\/types\/post"}],"author":[{"embeddable":true,"href":"https:\/\/www.ocorreionews.com.br\/acervo-correio\/index.php?rest_route=\/wp\/v2\/users\/4"}],"replies":[{"embeddable":true,"href":"https:\/\/www.ocorreionews.com.br\/acervo-correio\/index.php?rest_route=%2Fwp%2Fv2%2Fcomments&post=16232"}],"version-history":[{"count":0,"href":"https:\/\/www.ocorreionews.com.br\/acervo-correio\/index.php?rest_route=\/wp\/v2\/posts\/16232\/revisions"}],"wp:featuredmedia":[{"embeddable":true,"href":"https:\/\/www.ocorreionews.com.br\/acervo-correio\/index.php?rest_route=\/wp\/v2\/media\/16233"}],"wp:attachment":[{"href":"https:\/\/www.ocorreionews.com.br\/acervo-correio\/index.php?rest_route=%2Fwp%2Fv2%2Fmedia&parent=16232"}],"wp:term":[{"taxonomy":"category","embeddable":true,"href":"https:\/\/www.ocorreionews.com.br\/acervo-correio\/index.php?rest_route=%2Fwp%2Fv2%2Fcategories&post=16232"},{"taxonomy":"post_tag","embeddable":true,"href":"https:\/\/www.ocorreionews.com.br\/acervo-correio\/index.php?rest_route=%2Fwp%2Fv2%2Ftags&post=16232"}],"curies":[{"name":"wp","href":"https:\/\/api.w.org\/{rel}","templated":true}]}}