{"id":1624,"date":"2015-05-14T14:09:24","date_gmt":"2015-05-14T18:09:24","guid":{"rendered":"https:\/\/ocorreionews.com.br\/?p=1624"},"modified":"2018-08-20T22:34:36","modified_gmt":"2018-08-21T02:34:36","slug":"tv-morena-exibira-reportagem-sobre-as-belezas-naturais-de-paraiso-das-aguas-neste-sabado","status":"publish","type":"post","link":"https:\/\/www.ocorreionews.com.br\/acervo-correio\/?p=1624","title":{"rendered":"TV Morena exibir\u00e1 reportagem sobre as belezas naturais de Para\u00edso das \u00c1guas neste s\u00e1bado"},"content":{"rendered":"<p style=\"text-align: justify;\"><span style=\"font-family: helvetica; font-size: small;\">O programa <b>&#8220;Meu Mato Grosso do Sul&#8221;<\/b>, da TV Morena, filiada \u00e0 Rede Globo de Televis\u00e3o, exibir\u00e1 neste s\u00e1bado(16), uma reportagem sobre as belezas naturais do munic\u00edpio de Para\u00edso das \u00c1guas, no quadro <b>&#8220;Eu Sou o Guia&#8221;<\/b>.\u00a0<\/span><\/p>\n<div style=\"text-align: justify;\"><span style=\"font-family: helvetica; font-size: small;\">\u00a0<\/span><\/div>\n<div style=\"text-align: justify;\"><span style=\"font-family: helvetica; font-size: small;\">H\u00e1 alguns meses a equipe de reportagem esteve visitando o munic\u00edpio e conhecendo as belezas naturais que ainda precisam ser exploradas. Entre os pontos tur\u00edsticos est\u00e1 a famosa &#8220;\u00c1gua Santa&#8221;, a apenas 15 Km do per\u00edmetro urbano de Para\u00edso das \u00c1guas. Uma pequena lagoa \u00e9 formada no meio de uma mata densa, de \u00e1guas cristalinas, que qualquer objeto ou pessoa lan\u00e7ada em seu interior n\u00e3o afunda e logo \u00e9 arremessada para cima. Ao reproduzir qualquer som, at\u00edpico da natureza, as \u00e1guas se movimentam.<\/span><\/div>\n<div style=\"text-align: justify;\"><span style=\"font-family: helvetica; font-size: small;\">\u00a0<\/span><\/div>\n<div style=\"text-align: justify;\"><span style=\"font-family: helvetica; font-size: small;\">Isto e muito mais, voc\u00ea n\u00e3o pode perder, atrav\u00e9s do canal 09 (TV Morena), a partir das 13h50 deste s\u00e1bado, logo ap\u00f3s o Jornal Hoje.<\/span><\/div>\n<div style=\"text-align: justify;\"><span style=\"font-family: helvetica; font-size: small;\">\u00a0<\/span><\/div>\n<div style=\"text-align: justify;\"><span style=\"font-family: helvetica; font-size: medium;\"><b><a title=\"\" href=\"http:\/\/redeglobo.globo.com\/tvmorena\/meums\/noticia\/2015\/05\/confira-os-destaques-do-meu-ms-deste-sabado16-esta-imperdivel.html\" target=\"\">Para acessar o site do programa e assistir ao v\u00eddeo clique aqui<\/a><\/b><\/span><\/div>\n<p style=\"text-align: justify;\">\u00a0britonews<\/p>\n","protected":false},"excerpt":{"rendered":"<p>O programa &#8220;Meu Mato Grosso do Sul&#8221;, da TV Morena, filiada \u00e0 Rede Globo de Televis\u00e3o, exibir\u00e1 neste s\u00e1bado(16), uma reportagem sobre as belezas naturais do munic\u00edpio de Para\u00edso das \u00c1guas, no quadro &#8220;Eu Sou o Guia&#8221;.\u00a0 \u00a0 H\u00e1 alguns meses a equipe de reportagem esteve visitando o munic\u00edpio e conhecendo as belezas naturais que [&hellip;]<\/p>\n","protected":false},"author":4,"featured_media":1625,"comment_status":"closed","ping_status":"closed","sticky":false,"template":"","format":"standard","meta":{"footnotes":""},"categories":[36],"tags":[],"class_list":["post-1624","post","type-post","status-publish","format-standard","has-post-thumbnail","hentry","category-paraiso-das-aguas"],"_links":{"self":[{"href":"https:\/\/www.ocorreionews.com.br\/acervo-correio\/index.php?rest_route=\/wp\/v2\/posts\/1624","targetHints":{"allow":["GET"]}}],"collection":[{"href":"https:\/\/www.ocorreionews.com.br\/acervo-correio\/index.php?rest_route=\/wp\/v2\/posts"}],"about":[{"href":"https:\/\/www.ocorreionews.com.br\/acervo-correio\/index.php?rest_route=\/wp\/v2\/types\/post"}],"author":[{"embeddable":true,"href":"https:\/\/www.ocorreionews.com.br\/acervo-correio\/index.php?rest_route=\/wp\/v2\/users\/4"}],"replies":[{"embeddable":true,"href":"https:\/\/www.ocorreionews.com.br\/acervo-correio\/index.php?rest_route=%2Fwp%2Fv2%2Fcomments&post=1624"}],"version-history":[{"count":0,"href":"https:\/\/www.ocorreionews.com.br\/acervo-correio\/index.php?rest_route=\/wp\/v2\/posts\/1624\/revisions"}],"wp:featuredmedia":[{"embeddable":true,"href":"https:\/\/www.ocorreionews.com.br\/acervo-correio\/index.php?rest_route=\/wp\/v2\/media\/1625"}],"wp:attachment":[{"href":"https:\/\/www.ocorreionews.com.br\/acervo-correio\/index.php?rest_route=%2Fwp%2Fv2%2Fmedia&parent=1624"}],"wp:term":[{"taxonomy":"category","embeddable":true,"href":"https:\/\/www.ocorreionews.com.br\/acervo-correio\/index.php?rest_route=%2Fwp%2Fv2%2Fcategories&post=1624"},{"taxonomy":"post_tag","embeddable":true,"href":"https:\/\/www.ocorreionews.com.br\/acervo-correio\/index.php?rest_route=%2Fwp%2Fv2%2Ftags&post=1624"}],"curies":[{"name":"wp","href":"https:\/\/api.w.org\/{rel}","templated":true}]}}