{"id":1628,"date":"2015-05-14T14:37:02","date_gmt":"2015-05-14T18:37:02","guid":{"rendered":"https:\/\/ocorreionews.com.br\/?p=1628"},"modified":"2018-08-20T22:34:36","modified_gmt":"2018-08-21T02:34:36","slug":"alirio-bacca-comenta-evento-realizado-por-comunidade-do-aroeira-em-prol-de-tratamento-de-senhora-acidentada","status":"publish","type":"post","link":"https:\/\/www.ocorreionews.com.br\/acervo-correio\/?p=1628","title":{"rendered":"Alirio Bacca comenta evento realizado por comunidade do Aroeira em prol de tratamento de senhora acidentada"},"content":{"rendered":"<p style=\"text-align: justify;\">Em seu pronunciamento na sess\u00e3o da \u00faltima segunda-feira, o vereador Alirio Bacca parabenizou a comunidade do Assentamento Aroeira pela realiza\u00e7\u00e3o de um almo\u00e7o em prol do tratamento da Sra. Almira, conhecida moradora de Chapad\u00e3o do Sul que recentemente sofreu um acidente e que agora est\u00e1 em tratamento m\u00e9dico.<\/p>\n<p style=\"text-align: justify;\">\u00a0Segundo o vereador, os moradores se uniram e promoveram uma festa que contou com a participa\u00e7\u00e3o de mais de seiscentas pessoas e que foi um sucesso. O vereador que ajudou por dois dias durante o evento afirmou que a vontade de toda a comunidade \u00e9 que a Almira esteja melhor o mais breve poss\u00edvel.<\/p>\n<p style=\"text-align: justify;\">\u00a0Alirio encerrou deixando um agradecimento de cora\u00e7\u00e3o a todos os envolvidos na promo\u00e7\u00e3o do evento.<\/p>\n<p style=\"text-align: justify;\">Assessoria imprensa<\/p>\n<p>&nbsp;<\/p>\n","protected":false},"excerpt":{"rendered":"<p>Em seu pronunciamento na sess\u00e3o da \u00faltima segunda-feira, o vereador Alirio Bacca parabenizou a comunidade do Assentamento Aroeira pela realiza\u00e7\u00e3o de um almo\u00e7o em prol do tratamento da Sra. Almira, conhecida moradora de Chapad\u00e3o do Sul que recentemente sofreu um acidente e que agora est\u00e1 em tratamento m\u00e9dico. \u00a0Segundo o vereador, os moradores se uniram [&hellip;]<\/p>\n","protected":false},"author":4,"featured_media":1629,"comment_status":"closed","ping_status":"closed","sticky":false,"template":"","format":"standard","meta":{"footnotes":""},"categories":[20],"tags":[],"class_list":["post-1628","post","type-post","status-publish","format-standard","has-post-thumbnail","hentry","category-camara-municipal"],"_links":{"self":[{"href":"https:\/\/www.ocorreionews.com.br\/acervo-correio\/index.php?rest_route=\/wp\/v2\/posts\/1628","targetHints":{"allow":["GET"]}}],"collection":[{"href":"https:\/\/www.ocorreionews.com.br\/acervo-correio\/index.php?rest_route=\/wp\/v2\/posts"}],"about":[{"href":"https:\/\/www.ocorreionews.com.br\/acervo-correio\/index.php?rest_route=\/wp\/v2\/types\/post"}],"author":[{"embeddable":true,"href":"https:\/\/www.ocorreionews.com.br\/acervo-correio\/index.php?rest_route=\/wp\/v2\/users\/4"}],"replies":[{"embeddable":true,"href":"https:\/\/www.ocorreionews.com.br\/acervo-correio\/index.php?rest_route=%2Fwp%2Fv2%2Fcomments&post=1628"}],"version-history":[{"count":0,"href":"https:\/\/www.ocorreionews.com.br\/acervo-correio\/index.php?rest_route=\/wp\/v2\/posts\/1628\/revisions"}],"wp:featuredmedia":[{"embeddable":true,"href":"https:\/\/www.ocorreionews.com.br\/acervo-correio\/index.php?rest_route=\/wp\/v2\/media\/1629"}],"wp:attachment":[{"href":"https:\/\/www.ocorreionews.com.br\/acervo-correio\/index.php?rest_route=%2Fwp%2Fv2%2Fmedia&parent=1628"}],"wp:term":[{"taxonomy":"category","embeddable":true,"href":"https:\/\/www.ocorreionews.com.br\/acervo-correio\/index.php?rest_route=%2Fwp%2Fv2%2Fcategories&post=1628"},{"taxonomy":"post_tag","embeddable":true,"href":"https:\/\/www.ocorreionews.com.br\/acervo-correio\/index.php?rest_route=%2Fwp%2Fv2%2Ftags&post=1628"}],"curies":[{"name":"wp","href":"https:\/\/api.w.org\/{rel}","templated":true}]}}