{"id":16282,"date":"2015-12-02T07:49:18","date_gmt":"2015-12-02T10:49:18","guid":{"rendered":"https:\/\/ocorreionews.com.br\/?p=16282"},"modified":"2015-12-02T07:49:18","modified_gmt":"2015-12-02T10:49:18","slug":"policia-vai-investigar-pastor-por-estupro-de-menina-de-13-anos-em-campo-grande","status":"publish","type":"post","link":"https:\/\/www.ocorreionews.com.br\/acervo-correio\/?p=16282","title":{"rendered":"Pol\u00edcia vai investigar pastor por estupro de menina de 13 anos em Campo Grande"},"content":{"rendered":"<div class=\"content\">\n<div class=\"field field-name-body field-type-text-with-summary field-label-hidden\">\n<div class=\"field-items\">\n<div class=\"field-item even\">\n<p>A Pol\u00edcia vai investigar pastor por estupro de vulner\u00e1vel nas Moreninhas. A v\u00edtima seria adolescente de treze anos. O caso aconteceu na \u00faltima quarta-feira (25), na Vila Moreninha III.<\/p>\n<p>A m\u00e3e da v\u00edtima estranhou ap\u00f3s a filha dizer que ia para escola e ir para outro lugar. Quando a adolescente chegou, ela revelou que saiu para se encontrar com pastor de igreja que a fam\u00edlia freq\u00fcentava. Os dois teriam ido para um motel, onde mantiveram rela\u00e7\u00f5es sexuais.<\/p>\n<p>Logo em seguida a m\u00e3e acionou a Pol\u00edcia Militar, que chegou a procurar pelo suspeito, mas n\u00e3o o encontrou. O caso foi encaminhado para a Depac Piratininga, onde a m\u00e3e revelou que o pastor seria conhecido da fam\u00edlia.\u00a0 Foi aberto inqu\u00e9rito e o caso foi encaminhado para a DEPCA\u00a0(Delegacia Especializada em Prote\u00e7\u00e3o \u00e0 Crian\u00e7a e ao Adolescente).<\/p>\n<p>Segundo o delegado Paulo S\u00e9rgio Lauretto, o caso ser\u00e1 investigado e a adolescente, o poss\u00edvel autor e a m\u00e3e ser\u00e3o chamados para depor. A v\u00edtima foi encaminhada para o IMOL (Instituto M\u00e9dico e Odontol\u00f3gico Legal) para realiza\u00e7\u00e3o de exames, mas os laudos ainda n\u00e3o sa\u00edram.<\/p>\n<p><span class=\"author\">Pedro Heiderich e Geisy Garnes<\/span> &#8211; midiamax<\/p>\n<\/div>\n<\/div>\n<\/div>\n<\/div>\n","protected":false},"excerpt":{"rendered":"<p>A Pol\u00edcia vai investigar pastor por estupro de vulner\u00e1vel nas Moreninhas. A v\u00edtima seria adolescente de treze anos. O caso aconteceu na \u00faltima quarta-feira (25), na Vila Moreninha III. A m\u00e3e da v\u00edtima estranhou ap\u00f3s a filha dizer que ia para escola e ir para outro lugar. Quando a adolescente chegou, ela revelou que saiu [&hellip;]<\/p>\n","protected":false},"author":4,"featured_media":14455,"comment_status":"closed","ping_status":"closed","sticky":false,"template":"","format":"standard","meta":{"footnotes":""},"categories":[38],"tags":[],"class_list":["post-16282","post","type-post","status-publish","format-standard","has-post-thumbnail","hentry","category-policia"],"_links":{"self":[{"href":"https:\/\/www.ocorreionews.com.br\/acervo-correio\/index.php?rest_route=\/wp\/v2\/posts\/16282","targetHints":{"allow":["GET"]}}],"collection":[{"href":"https:\/\/www.ocorreionews.com.br\/acervo-correio\/index.php?rest_route=\/wp\/v2\/posts"}],"about":[{"href":"https:\/\/www.ocorreionews.com.br\/acervo-correio\/index.php?rest_route=\/wp\/v2\/types\/post"}],"author":[{"embeddable":true,"href":"https:\/\/www.ocorreionews.com.br\/acervo-correio\/index.php?rest_route=\/wp\/v2\/users\/4"}],"replies":[{"embeddable":true,"href":"https:\/\/www.ocorreionews.com.br\/acervo-correio\/index.php?rest_route=%2Fwp%2Fv2%2Fcomments&post=16282"}],"version-history":[{"count":0,"href":"https:\/\/www.ocorreionews.com.br\/acervo-correio\/index.php?rest_route=\/wp\/v2\/posts\/16282\/revisions"}],"wp:featuredmedia":[{"embeddable":true,"href":"https:\/\/www.ocorreionews.com.br\/acervo-correio\/index.php?rest_route=\/wp\/v2\/media\/14455"}],"wp:attachment":[{"href":"https:\/\/www.ocorreionews.com.br\/acervo-correio\/index.php?rest_route=%2Fwp%2Fv2%2Fmedia&parent=16282"}],"wp:term":[{"taxonomy":"category","embeddable":true,"href":"https:\/\/www.ocorreionews.com.br\/acervo-correio\/index.php?rest_route=%2Fwp%2Fv2%2Fcategories&post=16282"},{"taxonomy":"post_tag","embeddable":true,"href":"https:\/\/www.ocorreionews.com.br\/acervo-correio\/index.php?rest_route=%2Fwp%2Fv2%2Ftags&post=16282"}],"curies":[{"name":"wp","href":"https:\/\/api.w.org\/{rel}","templated":true}]}}