{"id":16286,"date":"2015-12-02T07:57:52","date_gmt":"2015-12-02T10:57:52","guid":{"rendered":"https:\/\/ocorreionews.com.br\/?p=16286"},"modified":"2015-12-02T08:04:52","modified_gmt":"2015-12-02T11:04:52","slug":"padre-sertanejo-volta-a-campo-grande-para-show-no-dia-9-de-dezembro","status":"publish","type":"post","link":"https:\/\/www.ocorreionews.com.br\/acervo-correio\/?p=16286","title":{"rendered":"Padre sertanejo volta a Campo Grande para show no dia 9 de dezembro"},"content":{"rendered":"<div class=\"bloco_texto_span\">\n<p>O padre Alessandro Campos volta no dia 9 de dezembro a Campo Grande para show no Gin\u00e1sio Poliesportivo Dom Bosco. Os ingressos j\u00e1 est\u00e3o \u00e0 venda na Cat\u00f3lica Livraria, na rua 13 de Maio, 2961.<\/p>\n<p>Os ingressos come\u00e7am em R$ 30,00 para arquibancada. As cadeiras s\u00e3o numeradas, com 1\u00ba Setor a R$ 100,00, 2\u00ba a R$ 80,00 e o 3\u00ba setor com ingressos a R$ 50,00. A abertura dos port\u00f5es ser\u00e1 \u00e0s 18h, mas o in\u00edcio do show deve ocorrer \u00e0s 20h.<\/p>\n<p>Conhecido como Padre Sertanejo, Alessandro Campos ficou famosos depois do segundo \u00e1lbum da carreira: \u201cO que \u00c9 que Eu Sou Sem Jesus?\u201d. Os f\u00e3s compraram mais de 1 milh\u00e3o de CDs e o trabalho ficou entre os mais vendidos no mundo em 2014. \u00c9 um fen\u00f4meno por unir a m\u00fasica sertaneja e evangeliza\u00e7\u00e3o.<\/p>\n<p>Do interior de S\u00e3o Paulo, Alessandro se diz f\u00e3 incondicional da m\u00fasica raiz. Ordenado com apenas 23 anos, passou a atrair milhares de pessoas \u00e0 missa, usando batina e chap\u00e9u. Tamb\u00e9m apresenta o programa \u201cAparecida Sertaneja\u201d, na TV Aparecida, e hoje \u00e9 o \u00fanico brasileiro a aparecer na lista da Federa\u00e7\u00e3o Internacional da Ind\u00fastria Fonogr\u00e1fica.<\/p>\n<h5>\u00c2ngela Kempfer &#8211; campograndenews<\/h5>\n<\/div>\n","protected":false},"excerpt":{"rendered":"<p>O padre Alessandro Campos volta no dia 9 de dezembro a Campo Grande para show no Gin\u00e1sio Poliesportivo Dom Bosco. Os ingressos j\u00e1 est\u00e3o \u00e0 venda na Cat\u00f3lica Livraria, na rua 13 de Maio, 2961. Os ingressos come\u00e7am em R$ 30,00 para arquibancada. As cadeiras s\u00e3o numeradas, com 1\u00ba Setor a R$ 100,00, 2\u00ba a [&hellip;]<\/p>\n","protected":false},"author":4,"featured_media":16287,"comment_status":"closed","ping_status":"closed","sticky":false,"template":"","format":"standard","meta":{"footnotes":""},"categories":[27],"tags":[],"class_list":["post-16286","post","type-post","status-publish","format-standard","has-post-thumbnail","hentry","category-educacao"],"_links":{"self":[{"href":"https:\/\/www.ocorreionews.com.br\/acervo-correio\/index.php?rest_route=\/wp\/v2\/posts\/16286","targetHints":{"allow":["GET"]}}],"collection":[{"href":"https:\/\/www.ocorreionews.com.br\/acervo-correio\/index.php?rest_route=\/wp\/v2\/posts"}],"about":[{"href":"https:\/\/www.ocorreionews.com.br\/acervo-correio\/index.php?rest_route=\/wp\/v2\/types\/post"}],"author":[{"embeddable":true,"href":"https:\/\/www.ocorreionews.com.br\/acervo-correio\/index.php?rest_route=\/wp\/v2\/users\/4"}],"replies":[{"embeddable":true,"href":"https:\/\/www.ocorreionews.com.br\/acervo-correio\/index.php?rest_route=%2Fwp%2Fv2%2Fcomments&post=16286"}],"version-history":[{"count":0,"href":"https:\/\/www.ocorreionews.com.br\/acervo-correio\/index.php?rest_route=\/wp\/v2\/posts\/16286\/revisions"}],"wp:featuredmedia":[{"embeddable":true,"href":"https:\/\/www.ocorreionews.com.br\/acervo-correio\/index.php?rest_route=\/wp\/v2\/media\/16287"}],"wp:attachment":[{"href":"https:\/\/www.ocorreionews.com.br\/acervo-correio\/index.php?rest_route=%2Fwp%2Fv2%2Fmedia&parent=16286"}],"wp:term":[{"taxonomy":"category","embeddable":true,"href":"https:\/\/www.ocorreionews.com.br\/acervo-correio\/index.php?rest_route=%2Fwp%2Fv2%2Fcategories&post=16286"},{"taxonomy":"post_tag","embeddable":true,"href":"https:\/\/www.ocorreionews.com.br\/acervo-correio\/index.php?rest_route=%2Fwp%2Fv2%2Ftags&post=16286"}],"curies":[{"name":"wp","href":"https:\/\/api.w.org\/{rel}","templated":true}]}}