{"id":16292,"date":"2015-12-02T08:17:37","date_gmt":"2015-12-02T11:17:37","guid":{"rendered":"https:\/\/ocorreionews.com.br\/?p=16292"},"modified":"2015-12-02T08:17:37","modified_gmt":"2015-12-02T11:17:37","slug":"paraiso-das-agua-secretaria-de-saude-realizou-mobilizacao-no-dia-mundial-contra-a-aids","status":"publish","type":"post","link":"https:\/\/www.ocorreionews.com.br\/acervo-correio\/?p=16292","title":{"rendered":"Paraiso das \u00c1gua: secret\u00e1ria de sa\u00fade realizou mobiliza\u00e7\u00e3o no dia mundial contra a AIDS"},"content":{"rendered":"<p>A Prefeitura Municipal de Para\u00edso das \u00c1guas atrav\u00e9s da Secretaria Municipal de Sa\u00fade realizou na manh\u00e3 desta ter\u00e7a-feira dia 1\u00ba de dezembro, um mobiliza\u00e7\u00e3o em frente a sede da Administra\u00e7\u00e3o Municipal em comemora\u00e7\u00e3o ao dia mundial de luta contra a AIDS.<\/p>\n<p>Na ocasi\u00e3o houve a entrega de preservativos para a popula\u00e7\u00e3o e orienta\u00e7\u00f5es sobre o v\u00edrus HIV\/AIDS.<\/p>\n<p>Semelhante ao outubro rosa (m\u00eas de preven\u00e7\u00e3o ao c\u00e2ncer de mama) e ao novembro azul(m\u00eas de combate ao c\u00e2ncer de pr\u00f3stata), o dezembro vermelho \u00e9 o m\u00eas de preven\u00e7\u00e3o e consci\u00eancia sobre o HIV e a AIDS. O la\u00e7o vermelho usado durante o m\u00eas\u00a0 \u00e9 um s\u00edmbolo de esperan\u00e7a e apoio, usado por um n\u00famero cada vez maior de pessoas que demonstram com essa atitude a preocupa\u00e7\u00e3o com o alastramento da doen\u00e7a e tamb\u00e9m a solidariedade com as pessoas que possuem esse v\u00edrus.<\/p>\n<p>De acordo com a coordenadora do programa DST\/AIDS de Para\u00edso das \u00c1guas, Let\u00edcia Helena Foletto Gregio, no pr\u00f3ximo s\u00e1bado, dia 05 de dezembro, o Posto de Sa\u00fade localizado na sede do munic\u00edpio ficar\u00e1 aberto das 8 as 11 horas e das 13 as 16 horas realizando o teste r\u00e1pido do HIV\/AIDS, onde o resultado sai logo ap\u00f3s a coleta do material.<\/p>\n<p><a href=\"https:\/\/ocorreionews.com.br\/wp-content\/uploads\/2015\/12\/dia-da-aids.jpg\"><img loading=\"lazy\" decoding=\"async\" class=\"alignnone size-medium wp-image-16294\" src=\"https:\/\/ocorreionews.com.br\/wp-content\/uploads\/2015\/12\/dia-da-aids-300x199.jpg\" alt=\"dia da aids\" width=\"300\" height=\"199\" srcset=\"https:\/\/www.ocorreionews.com.br\/acervo-correio\/wp-content\/uploads\/2015\/12\/dia-da-aids-300x199.jpg 300w, https:\/\/www.ocorreionews.com.br\/acervo-correio\/wp-content\/uploads\/2015\/12\/dia-da-aids.jpg 604w\" sizes=\"auto, (max-width: 300px) 100vw, 300px\" \/><\/a><\/p>\n<p>Para fazer o teste basta \u00e0 pessoa comparecer ao Posto de Sa\u00fade com documentos pessoais e cart\u00e3o do SUS, Sistema \u00danico de Sa\u00fade.<\/p>\n<p>\u201cO teste do HIV \u00e9 de suma import\u00e2ncia, pois a AIDS tem tratamento e quanto antes for detectada mais qualidade de vida o paciente ter\u00e1\u201d, mencionou a coordenadora do programa.<\/p>\n<p>O Programa DST\/AIDS de Para\u00edso das \u00c1guas realiza o teste r\u00e1pido de S\u00edfilis, Hepatite B e C e HIV.<\/p>\n<p>Informa\u00e7\u00f5es podem ser obtidas pelo telefone: 32481361<\/p>\n<p><strong><u>Dados Nacionais<\/u><\/strong><strong>:<\/strong> O Minist\u00e9rio da Sa\u00fade estima em 734 mil o n\u00famero de brasileiros que vivem com o HIV. Desse contingente, 417 mil usam os medicamentos antirretrovirais ofertados na rede p\u00fablica, portanto, est\u00e3o com a carga viral mais controlada, o que reduz a chance de infectarem outros indiv\u00edduos. Por\u00e9m, 167 mil pessoas sabem que possuem a doen\u00e7a, mas n\u00e3o procuram tratamento. Outros 150 mil convivem com o v\u00edrus e n\u00e3o sabem. Ou seja, estes dois grupos permanecem com o HIV sem controle, o que representa risco elevado de infec\u00e7\u00e3o. Como o v\u00edrus demora cerca de cinco a oito anos para se manifestar muitos n\u00e3o procuram o teste de diagn\u00f3stico e nem os rem\u00e9dios.<\/p>\n<p>&nbsp;<\/p>\n<p>&nbsp;<\/p>\n<p>ASSECOM- Prefeitura Municipal de Para\u00edso das \u00c1guas- MS<\/p>\n","protected":false},"excerpt":{"rendered":"<p>A Prefeitura Municipal de Para\u00edso das \u00c1guas atrav\u00e9s da Secretaria Municipal de Sa\u00fade realizou na manh\u00e3 desta ter\u00e7a-feira dia 1\u00ba de dezembro, um mobiliza\u00e7\u00e3o em frente a sede da Administra\u00e7\u00e3o Municipal em comemora\u00e7\u00e3o ao dia mundial de luta contra a AIDS. Na ocasi\u00e3o houve a entrega de preservativos para a popula\u00e7\u00e3o e orienta\u00e7\u00f5es sobre o [&hellip;]<\/p>\n","protected":false},"author":4,"featured_media":16293,"comment_status":"closed","ping_status":"closed","sticky":false,"template":"","format":"standard","meta":{"footnotes":""},"categories":[36],"tags":[],"class_list":["post-16292","post","type-post","status-publish","format-standard","has-post-thumbnail","hentry","category-paraiso-das-aguas"],"_links":{"self":[{"href":"https:\/\/www.ocorreionews.com.br\/acervo-correio\/index.php?rest_route=\/wp\/v2\/posts\/16292","targetHints":{"allow":["GET"]}}],"collection":[{"href":"https:\/\/www.ocorreionews.com.br\/acervo-correio\/index.php?rest_route=\/wp\/v2\/posts"}],"about":[{"href":"https:\/\/www.ocorreionews.com.br\/acervo-correio\/index.php?rest_route=\/wp\/v2\/types\/post"}],"author":[{"embeddable":true,"href":"https:\/\/www.ocorreionews.com.br\/acervo-correio\/index.php?rest_route=\/wp\/v2\/users\/4"}],"replies":[{"embeddable":true,"href":"https:\/\/www.ocorreionews.com.br\/acervo-correio\/index.php?rest_route=%2Fwp%2Fv2%2Fcomments&post=16292"}],"version-history":[{"count":0,"href":"https:\/\/www.ocorreionews.com.br\/acervo-correio\/index.php?rest_route=\/wp\/v2\/posts\/16292\/revisions"}],"wp:featuredmedia":[{"embeddable":true,"href":"https:\/\/www.ocorreionews.com.br\/acervo-correio\/index.php?rest_route=\/wp\/v2\/media\/16293"}],"wp:attachment":[{"href":"https:\/\/www.ocorreionews.com.br\/acervo-correio\/index.php?rest_route=%2Fwp%2Fv2%2Fmedia&parent=16292"}],"wp:term":[{"taxonomy":"category","embeddable":true,"href":"https:\/\/www.ocorreionews.com.br\/acervo-correio\/index.php?rest_route=%2Fwp%2Fv2%2Fcategories&post=16292"},{"taxonomy":"post_tag","embeddable":true,"href":"https:\/\/www.ocorreionews.com.br\/acervo-correio\/index.php?rest_route=%2Fwp%2Fv2%2Ftags&post=16292"}],"curies":[{"name":"wp","href":"https:\/\/api.w.org\/{rel}","templated":true}]}}