{"id":16346,"date":"2015-12-03T00:04:29","date_gmt":"2015-12-03T03:04:29","guid":{"rendered":"https:\/\/ocorreionews.com.br\/?p=16346"},"modified":"2015-12-04T10:59:12","modified_gmt":"2015-12-04T13:59:12","slug":"chapadao-do-ceu-vence-campeonato-brasileiro-de-bandas-e-fanfarras","status":"publish","type":"post","link":"https:\/\/www.ocorreionews.com.br\/acervo-correio\/?p=16346","title":{"rendered":"Chapad\u00e3o do C\u00e9u vence Campeonato Brasileiro de Bandas e Fanfarras"},"content":{"rendered":"<p>&nbsp;<\/p>\n<div class=\"box-texto-conteudo\">\n<p>Chapad\u00e3o do C\u00e9u participou e venceu um importante campeonato brasileiro de bandas e fanfarras, na cidade de Ocidental, localizada no entorno de Bras\u00edlia (DF).<\/p>\n<p>Muita m\u00fasica, ritmo e passos coreografados marcaram o 1\u00ba Campeonato de Bandas e Fanfarras de Cidade Ocidental, realizado no domingo, dia 29 de novembro, no Gin\u00e1sio do Complexo Esportivo Lindolfo Lima Neto.<\/p>\n<p>A abertura ficou por conta da banda do Instituto GPA, coordenada e regida pelo maestro Altair. Tamb\u00e9m se apresentaram as bandas e fanfarras: Olivan Lessa, Paulo Freire e Jorge Amado, de Cidade Ocidental, Corpora\u00e7\u00e3o Musical Leonardo Mamede, de Goi\u00e2nia, Music\u2019Art Corpora\u00e7\u00e3o Musical, de Luzi\u00e2nia, Corpora\u00e7\u00e3o Musical Samuel Felix (Comusf\/Fucam), de Buritizeiro, Minas Gerais, Fanfarra Escolar Santa Rita de C\u00e1ssia, de Palmas, Tocantins, Banda Municipal Sementes do Cerrado, de Chapad\u00e3o do C\u00e9u, Fanfarra Municipal de Santo Ant\u00f4nio de Goi\u00e1s, Banda Musical da Escola Master de S\u00e3o Sebasti\u00e3o DF e a Banda de Percuss\u00e3o Jardim do \u00c9den de Sobradinho, Distrito Federal.<\/p>\n<p>A prefeita Giselle Ara\u00fajo, os secret\u00e1rios de Educa\u00e7\u00e3o e Governo, Igor Ara\u00fajo e In\u00eas Loiola, respectivamente, participaram da entrega dos trof\u00e9us aos destaques do campeonato, que premiou v\u00e1rias categorias, como melhor banda, maestro, core\u00f3grafo, baliza e pe\u00e7as.<\/p>\n<div class=\"banner-single\"><\/div>\n<p>O 1\u00ba Campeonato de Bandas e Fanfarras de Cidade Ocidental contou com o suporte da AGBF \u2013 Associa\u00e7\u00e3o Goiana de Bandas e Fanfarras, do chefe do departamento de Cultura no munic\u00edpio, professor e maestro Rodrigo Lima, e o apoio da Prefeitura Municipal de Cidade Ocidental. \u201c\u00c9 uma honra contar com um evento desse porte no nosso munic\u00edpio. Parab\u00e9ns aos organizadores e a todos que participaram do campeonato. Iniciativas como essas s\u00e3o incentivadoras a toda a juventude\u201d, destacou a prefeita.<\/p>\n<p>Chapad\u00e3o do C\u00e9u trouxe o trof\u00e9u de melhor banda musical. A Banda Sementes do Cerrado \u00e9 coordenada pelo Professor Athailson Brites, que tamb\u00e9m ministra aulas de viol\u00e3o na cidade.<\/p>\n<p>O Professor Athailson disse estar orgulhoso de sua turma de m\u00fasicos dedicados e agradeceu ao Prefeito Rog\u00e9rio Graxa e \u00e0 Secret\u00e1ria de Educa\u00e7\u00e3o, Cultura e Desporto, Lea Rohrig Rigodanzo pelo apoio irrestrito \u00e0 banda, para a sua manuten\u00e7\u00e3o e para as viagens de apresenta\u00e7\u00e3o ou competi\u00e7\u00e3o.<\/p>\n<p><em>Fonte: Assessoria de Imprensa Pref. Chap. C\u00e9u<\/em><\/p>\n<\/div>\n","protected":false},"excerpt":{"rendered":"<p>&nbsp; Chapad\u00e3o do C\u00e9u participou e venceu um importante campeonato brasileiro de bandas e fanfarras, na cidade de Ocidental, localizada no entorno de Bras\u00edlia (DF). Muita m\u00fasica, ritmo e passos coreografados marcaram o 1\u00ba Campeonato de Bandas e Fanfarras de Cidade Ocidental, realizado no domingo, dia 29 de novembro, no Gin\u00e1sio do Complexo Esportivo Lindolfo [&hellip;]<\/p>\n","protected":false},"author":4,"featured_media":16347,"comment_status":"closed","ping_status":"closed","sticky":false,"template":"","format":"standard","meta":{"footnotes":""},"categories":[22],"tags":[],"class_list":["post-16346","post","type-post","status-publish","format-standard","has-post-thumbnail","hentry","category-chapadao-do-ceu"],"_links":{"self":[{"href":"https:\/\/www.ocorreionews.com.br\/acervo-correio\/index.php?rest_route=\/wp\/v2\/posts\/16346","targetHints":{"allow":["GET"]}}],"collection":[{"href":"https:\/\/www.ocorreionews.com.br\/acervo-correio\/index.php?rest_route=\/wp\/v2\/posts"}],"about":[{"href":"https:\/\/www.ocorreionews.com.br\/acervo-correio\/index.php?rest_route=\/wp\/v2\/types\/post"}],"author":[{"embeddable":true,"href":"https:\/\/www.ocorreionews.com.br\/acervo-correio\/index.php?rest_route=\/wp\/v2\/users\/4"}],"replies":[{"embeddable":true,"href":"https:\/\/www.ocorreionews.com.br\/acervo-correio\/index.php?rest_route=%2Fwp%2Fv2%2Fcomments&post=16346"}],"version-history":[{"count":0,"href":"https:\/\/www.ocorreionews.com.br\/acervo-correio\/index.php?rest_route=\/wp\/v2\/posts\/16346\/revisions"}],"wp:featuredmedia":[{"embeddable":true,"href":"https:\/\/www.ocorreionews.com.br\/acervo-correio\/index.php?rest_route=\/wp\/v2\/media\/16347"}],"wp:attachment":[{"href":"https:\/\/www.ocorreionews.com.br\/acervo-correio\/index.php?rest_route=%2Fwp%2Fv2%2Fmedia&parent=16346"}],"wp:term":[{"taxonomy":"category","embeddable":true,"href":"https:\/\/www.ocorreionews.com.br\/acervo-correio\/index.php?rest_route=%2Fwp%2Fv2%2Fcategories&post=16346"},{"taxonomy":"post_tag","embeddable":true,"href":"https:\/\/www.ocorreionews.com.br\/acervo-correio\/index.php?rest_route=%2Fwp%2Fv2%2Ftags&post=16346"}],"curies":[{"name":"wp","href":"https:\/\/api.w.org\/{rel}","templated":true}]}}