{"id":16357,"date":"2015-12-03T08:49:20","date_gmt":"2015-12-03T11:49:20","guid":{"rendered":"https:\/\/ocorreionews.com.br\/?p=16357"},"modified":"2015-12-03T08:49:20","modified_gmt":"2015-12-03T11:49:20","slug":"ao-cortar-arvore-homem-e-atingido-por-tronco-e-morre-prensado","status":"publish","type":"post","link":"https:\/\/www.ocorreionews.com.br\/acervo-correio\/?p=16357","title":{"rendered":"Ao cortar \u00e1rvore, homem \u00e9 atingido por tronco e morre prensado"},"content":{"rendered":"<div class=\"bloco_texto_span\">\n<p>Um jovem de 21 anos morreu enquanto cortava uma \u00e1rvore no Centro de Parana\u00edba, cidade a 422 quil\u00f4metros de Campo Grande, por volta das 16h45 de ontem (2), quarta-feira.<\/p>\n<p>Segundo o boletim de ocorr\u00eancia, Crisdales de Jesus Santos estava cortando uma \u00e1rvore quando foi surpreendido pelo tronco da planta. A peda\u00e7o da \u00e1rvore o atingiu no t\u00f3rax e o prensou contra um muro de alvenaria.<\/p>\n<p>Essas informa\u00e7\u00f5es foram dadas por uma atendente da Santa Casa de Parana\u00edba, j\u00e1 que o jovem chegou a ser socorrido e encaminhado para o hospital, no entanto, morreu no local.<\/p>\n<p>A Pol\u00edcia Civil foi at\u00e9 o ponto onde a planta estava sendo cortada e constatou a exist\u00eancia de uma \u00e1rvore cerrada no solo. Testemunhas tamb\u00e9m confirmaram para a equipe policial a vers\u00e3o dada pela atendente do hospital.<\/p>\n<p>O caso foi registrado como morte a esclarecer na 1\u00aa Delegacia de Parana\u00edba.<\/p>\n<\/div>\n<p>&nbsp;<\/p>\n<p>&nbsp;<\/p>\n<p>&nbsp;<\/p>\n<p>&nbsp;<\/p>\n<p>Campo Grande News<\/p>\n","protected":false},"excerpt":{"rendered":"<p>Um jovem de 21 anos morreu enquanto cortava uma \u00e1rvore no Centro de Parana\u00edba, cidade a 422 quil\u00f4metros de Campo Grande, por volta das 16h45 de ontem (2), quarta-feira. Segundo o boletim de ocorr\u00eancia, Crisdales de Jesus Santos estava cortando uma \u00e1rvore quando foi surpreendido pelo tronco da planta. A peda\u00e7o da \u00e1rvore o atingiu [&hellip;]<\/p>\n","protected":false},"author":4,"featured_media":4248,"comment_status":"closed","ping_status":"closed","sticky":false,"template":"","format":"standard","meta":{"footnotes":""},"categories":[38],"tags":[],"class_list":["post-16357","post","type-post","status-publish","format-standard","has-post-thumbnail","hentry","category-policia"],"_links":{"self":[{"href":"https:\/\/www.ocorreionews.com.br\/acervo-correio\/index.php?rest_route=\/wp\/v2\/posts\/16357","targetHints":{"allow":["GET"]}}],"collection":[{"href":"https:\/\/www.ocorreionews.com.br\/acervo-correio\/index.php?rest_route=\/wp\/v2\/posts"}],"about":[{"href":"https:\/\/www.ocorreionews.com.br\/acervo-correio\/index.php?rest_route=\/wp\/v2\/types\/post"}],"author":[{"embeddable":true,"href":"https:\/\/www.ocorreionews.com.br\/acervo-correio\/index.php?rest_route=\/wp\/v2\/users\/4"}],"replies":[{"embeddable":true,"href":"https:\/\/www.ocorreionews.com.br\/acervo-correio\/index.php?rest_route=%2Fwp%2Fv2%2Fcomments&post=16357"}],"version-history":[{"count":0,"href":"https:\/\/www.ocorreionews.com.br\/acervo-correio\/index.php?rest_route=\/wp\/v2\/posts\/16357\/revisions"}],"wp:featuredmedia":[{"embeddable":true,"href":"https:\/\/www.ocorreionews.com.br\/acervo-correio\/index.php?rest_route=\/wp\/v2\/media\/4248"}],"wp:attachment":[{"href":"https:\/\/www.ocorreionews.com.br\/acervo-correio\/index.php?rest_route=%2Fwp%2Fv2%2Fmedia&parent=16357"}],"wp:term":[{"taxonomy":"category","embeddable":true,"href":"https:\/\/www.ocorreionews.com.br\/acervo-correio\/index.php?rest_route=%2Fwp%2Fv2%2Fcategories&post=16357"},{"taxonomy":"post_tag","embeddable":true,"href":"https:\/\/www.ocorreionews.com.br\/acervo-correio\/index.php?rest_route=%2Fwp%2Fv2%2Ftags&post=16357"}],"curies":[{"name":"wp","href":"https:\/\/api.w.org\/{rel}","templated":true}]}}