{"id":16364,"date":"2015-12-03T09:01:58","date_gmt":"2015-12-03T12:01:58","guid":{"rendered":"https:\/\/ocorreionews.com.br\/?p=16364"},"modified":"2015-12-03T09:01:58","modified_gmt":"2015-12-03T12:01:58","slug":"pai-filho-e-sobrinho-ficam-feridos-em-capotamento-entre-camapua-e-figueirao","status":"publish","type":"post","link":"https:\/\/www.ocorreionews.com.br\/acervo-correio\/?p=16364","title":{"rendered":"Pai, filho e sobrinho ficam feridos em capotamento entre Camapu\u00e3 e Figueir\u00e3o"},"content":{"rendered":"<p>O trabalhador rural Deoclides Ferreira de Matos, de 39 anos, o filho dele de 10 anos e o sobrinho de 14, ficaram feridos num capotamento ocorrido por volta da 0h30 desta ter\u00e7a-feira (1\u00ba) na MS-436, que liga Camapu\u00e3 a Figueir\u00e3o.<\/p>\n<p>Segundo informa\u00e7\u00f5es, Matos seguia para a fazenda onde trabalha em um VW Parati e tinha o filho e o sobrinho como passageiros. Ao tentar desviar de um buraco o motorista perdeu o controle da dire\u00e7\u00e3o e capotou o ve\u00edculo.<\/p>\n<p>Com o acidente os tr\u00eas ficaram feridos. Mesmo com escoria\u00e7\u00f5es, o adolescente de 14 anos, percorreu cerca de seis quil\u00f4metros at\u00e9 uma fazenda onde pediu ajuda.<\/p>\n<p>A Pol\u00edcia Militar foi acionada e auxiliou no socorro das v\u00edtimas. Os tr\u00eas foram encaminhados de ambul\u00e2ncia para o Hospital Municipal de Figueir\u00e3o. Matos sofreu uma fratura no f\u00eamur e o filho dele reclamava de dores no abd\u00f4men.<\/p>\n<p>Como o estado de sa\u00fade deles exigia maiores cuidados, tiveram que ser transferidos para Campo Grande.<\/p>\n<p>&nbsp;<\/p>\n<p>Infoco MS<\/p>\n","protected":false},"excerpt":{"rendered":"<p>O trabalhador rural Deoclides Ferreira de Matos, de 39 anos, o filho dele de 10 anos e o sobrinho de 14, ficaram feridos num capotamento ocorrido por volta da 0h30 desta ter\u00e7a-feira (1\u00ba) na MS-436, que liga Camapu\u00e3 a Figueir\u00e3o. Segundo informa\u00e7\u00f5es, Matos seguia para a fazenda onde trabalha em um VW Parati e tinha [&hellip;]<\/p>\n","protected":false},"author":4,"featured_media":16365,"comment_status":"closed","ping_status":"closed","sticky":false,"template":"","format":"standard","meta":{"footnotes":""},"categories":[30,38],"tags":[],"class_list":["post-16364","post","type-post","status-publish","format-standard","has-post-thumbnail","hentry","category-figueirao","category-policia"],"_links":{"self":[{"href":"https:\/\/www.ocorreionews.com.br\/acervo-correio\/index.php?rest_route=\/wp\/v2\/posts\/16364","targetHints":{"allow":["GET"]}}],"collection":[{"href":"https:\/\/www.ocorreionews.com.br\/acervo-correio\/index.php?rest_route=\/wp\/v2\/posts"}],"about":[{"href":"https:\/\/www.ocorreionews.com.br\/acervo-correio\/index.php?rest_route=\/wp\/v2\/types\/post"}],"author":[{"embeddable":true,"href":"https:\/\/www.ocorreionews.com.br\/acervo-correio\/index.php?rest_route=\/wp\/v2\/users\/4"}],"replies":[{"embeddable":true,"href":"https:\/\/www.ocorreionews.com.br\/acervo-correio\/index.php?rest_route=%2Fwp%2Fv2%2Fcomments&post=16364"}],"version-history":[{"count":0,"href":"https:\/\/www.ocorreionews.com.br\/acervo-correio\/index.php?rest_route=\/wp\/v2\/posts\/16364\/revisions"}],"wp:featuredmedia":[{"embeddable":true,"href":"https:\/\/www.ocorreionews.com.br\/acervo-correio\/index.php?rest_route=\/wp\/v2\/media\/16365"}],"wp:attachment":[{"href":"https:\/\/www.ocorreionews.com.br\/acervo-correio\/index.php?rest_route=%2Fwp%2Fv2%2Fmedia&parent=16364"}],"wp:term":[{"taxonomy":"category","embeddable":true,"href":"https:\/\/www.ocorreionews.com.br\/acervo-correio\/index.php?rest_route=%2Fwp%2Fv2%2Fcategories&post=16364"},{"taxonomy":"post_tag","embeddable":true,"href":"https:\/\/www.ocorreionews.com.br\/acervo-correio\/index.php?rest_route=%2Fwp%2Fv2%2Ftags&post=16364"}],"curies":[{"name":"wp","href":"https:\/\/api.w.org\/{rel}","templated":true}]}}