{"id":16373,"date":"2015-12-03T07:13:38","date_gmt":"2015-12-03T10:13:38","guid":{"rendered":"https:\/\/ocorreionews.com.br\/?p=16373"},"modified":"2015-12-03T09:15:46","modified_gmt":"2015-12-03T12:15:46","slug":"costa-rica-realiza-nesta-quinta-feira-03-audiencia-publica-de-apresentacao-e-discussao-da-loa2016","status":"publish","type":"post","link":"https:\/\/www.ocorreionews.com.br\/acervo-correio\/?p=16373","title":{"rendered":"Costa Rica realiza nesta quinta-feira (03) Audi\u00eancia P\u00fablica de apresenta\u00e7\u00e3o e discuss\u00e3o da LOA\/2016"},"content":{"rendered":"<div class=\"marginBottom30px link-Internas\">\n<p>O Munic\u00edpio de Costa Rica \u2013 MS por meio da Secretaria de Administra\u00e7\u00e3o e Finan\u00e7as e a C\u00e2mara de Vereadores realizam nesta quinta-feira, 03 de dezembro de 2015, Audi\u00eancia P\u00fablica que ir\u00e1 apresentar e discutir a elabora\u00e7\u00e3o da LOA &#8211; Lei Or\u00e7ament\u00e1ria Anual para o exerc\u00edcio 2016.<\/p>\n<p>A Audi\u00eancia P\u00fablica ser\u00e1 realizada a partir das 13h30, no Plen\u00e1rio da C\u00e2mara Municipal de Vereadores.<\/p>\n<p>O prefeito Waldeli dos Santos Rosa, o secret\u00e1rio Municipal de Administra\u00e7\u00e3o e Finan\u00e7as Paulo Renato Andriani e o presidente da Casa Legislativa, Jos\u00e9 Augusto Maia Vasconcellos, convidam a popula\u00e7\u00e3o a participar dessa importante a audi\u00eancia que tem como objetivo promover a transpar\u00eancia e a participa\u00e7\u00e3o popular na elabora\u00e7\u00e3o do Projeto de Lei Or\u00e7ament\u00e1ria Anual para 2016.<\/p>\n<\/div>\n<div class=\"marginBottom30px link-Internas\">ASSECOM\/PMCR<\/div>\n","protected":false},"excerpt":{"rendered":"<p>O Munic\u00edpio de Costa Rica \u2013 MS por meio da Secretaria de Administra\u00e7\u00e3o e Finan\u00e7as e a C\u00e2mara de Vereadores realizam nesta quinta-feira, 03 de dezembro de 2015, Audi\u00eancia P\u00fablica que ir\u00e1 apresentar e discutir a elabora\u00e7\u00e3o da LOA &#8211; Lei Or\u00e7ament\u00e1ria Anual para o exerc\u00edcio 2016. A Audi\u00eancia P\u00fablica ser\u00e1 realizada a partir das [&hellip;]<\/p>\n","protected":false},"author":4,"featured_media":16374,"comment_status":"closed","ping_status":"closed","sticky":false,"template":"","format":"standard","meta":{"footnotes":""},"categories":[25],"tags":[],"class_list":["post-16373","post","type-post","status-publish","format-standard","has-post-thumbnail","hentry","category-costa-rica"],"_links":{"self":[{"href":"https:\/\/www.ocorreionews.com.br\/acervo-correio\/index.php?rest_route=\/wp\/v2\/posts\/16373","targetHints":{"allow":["GET"]}}],"collection":[{"href":"https:\/\/www.ocorreionews.com.br\/acervo-correio\/index.php?rest_route=\/wp\/v2\/posts"}],"about":[{"href":"https:\/\/www.ocorreionews.com.br\/acervo-correio\/index.php?rest_route=\/wp\/v2\/types\/post"}],"author":[{"embeddable":true,"href":"https:\/\/www.ocorreionews.com.br\/acervo-correio\/index.php?rest_route=\/wp\/v2\/users\/4"}],"replies":[{"embeddable":true,"href":"https:\/\/www.ocorreionews.com.br\/acervo-correio\/index.php?rest_route=%2Fwp%2Fv2%2Fcomments&post=16373"}],"version-history":[{"count":0,"href":"https:\/\/www.ocorreionews.com.br\/acervo-correio\/index.php?rest_route=\/wp\/v2\/posts\/16373\/revisions"}],"wp:featuredmedia":[{"embeddable":true,"href":"https:\/\/www.ocorreionews.com.br\/acervo-correio\/index.php?rest_route=\/wp\/v2\/media\/16374"}],"wp:attachment":[{"href":"https:\/\/www.ocorreionews.com.br\/acervo-correio\/index.php?rest_route=%2Fwp%2Fv2%2Fmedia&parent=16373"}],"wp:term":[{"taxonomy":"category","embeddable":true,"href":"https:\/\/www.ocorreionews.com.br\/acervo-correio\/index.php?rest_route=%2Fwp%2Fv2%2Fcategories&post=16373"},{"taxonomy":"post_tag","embeddable":true,"href":"https:\/\/www.ocorreionews.com.br\/acervo-correio\/index.php?rest_route=%2Fwp%2Fv2%2Ftags&post=16373"}],"curies":[{"name":"wp","href":"https:\/\/api.w.org\/{rel}","templated":true}]}}