{"id":16376,"date":"2015-12-03T09:22:01","date_gmt":"2015-12-03T12:22:01","guid":{"rendered":"https:\/\/ocorreionews.com.br\/?p=16376"},"modified":"2015-12-03T09:22:01","modified_gmt":"2015-12-03T12:22:01","slug":"neste-domingo-acontece-o-baile-da-melhor-idade-em-paraiso-das-aguas","status":"publish","type":"post","link":"https:\/\/www.ocorreionews.com.br\/acervo-correio\/?p=16376","title":{"rendered":"Neste domingo acontece o Baile da Melhor Idade em Para\u00edso das \u00c1guas."},"content":{"rendered":"<div class=\"col-xs-12 col-sm-6 col-md-6\">\n<p>Acontece no pr\u00f3ximo domingo, dia 06 de dezembro o Baile da Melhor Idade em Para\u00edso das \u00c1guas.<\/p>\n<p>O evento ser\u00e1 realizado das 17 \u00e0s 21 horas no Mercado do Produtor e quem estar\u00e1 animando o bail\u00e3o \u00e9 a dupla prata da casa, \u00a0Jean Carlos e Adriano.<\/p>\n<p>A entrada \u00e9 gratuita e toda popula\u00e7\u00e3o acima de 18 anos de idade est\u00e1 convidada a participar do evento.<\/p>\n<p>O Baile da Melhor Idade \u00e9 uma realiza\u00e7\u00e3o da Prefeitura Municipal de Para\u00edso das \u00c1guas atrav\u00e9s da Secretaria Municipal de Assist\u00eancia Social.<\/p>\n<p>&nbsp;<\/p>\n<p>ASSECOM- Prefeitura Municipal de Para\u00edso das \u00c1guas- MS<br \/>\nTexto: Daniela Loss\u00e1vero<\/p>\n<\/div>\n","protected":false},"excerpt":{"rendered":"<p>Acontece no pr\u00f3ximo domingo, dia 06 de dezembro o Baile da Melhor Idade em Para\u00edso das \u00c1guas. O evento ser\u00e1 realizado das 17 \u00e0s 21 horas no Mercado do Produtor e quem estar\u00e1 animando o bail\u00e3o \u00e9 a dupla prata da casa, \u00a0Jean Carlos e Adriano. A entrada \u00e9 gratuita e toda popula\u00e7\u00e3o acima de [&hellip;]<\/p>\n","protected":false},"author":4,"featured_media":16377,"comment_status":"closed","ping_status":"closed","sticky":false,"template":"","format":"standard","meta":{"footnotes":""},"categories":[36],"tags":[],"class_list":["post-16376","post","type-post","status-publish","format-standard","has-post-thumbnail","hentry","category-paraiso-das-aguas"],"_links":{"self":[{"href":"https:\/\/www.ocorreionews.com.br\/acervo-correio\/index.php?rest_route=\/wp\/v2\/posts\/16376","targetHints":{"allow":["GET"]}}],"collection":[{"href":"https:\/\/www.ocorreionews.com.br\/acervo-correio\/index.php?rest_route=\/wp\/v2\/posts"}],"about":[{"href":"https:\/\/www.ocorreionews.com.br\/acervo-correio\/index.php?rest_route=\/wp\/v2\/types\/post"}],"author":[{"embeddable":true,"href":"https:\/\/www.ocorreionews.com.br\/acervo-correio\/index.php?rest_route=\/wp\/v2\/users\/4"}],"replies":[{"embeddable":true,"href":"https:\/\/www.ocorreionews.com.br\/acervo-correio\/index.php?rest_route=%2Fwp%2Fv2%2Fcomments&post=16376"}],"version-history":[{"count":0,"href":"https:\/\/www.ocorreionews.com.br\/acervo-correio\/index.php?rest_route=\/wp\/v2\/posts\/16376\/revisions"}],"wp:featuredmedia":[{"embeddable":true,"href":"https:\/\/www.ocorreionews.com.br\/acervo-correio\/index.php?rest_route=\/wp\/v2\/media\/16377"}],"wp:attachment":[{"href":"https:\/\/www.ocorreionews.com.br\/acervo-correio\/index.php?rest_route=%2Fwp%2Fv2%2Fmedia&parent=16376"}],"wp:term":[{"taxonomy":"category","embeddable":true,"href":"https:\/\/www.ocorreionews.com.br\/acervo-correio\/index.php?rest_route=%2Fwp%2Fv2%2Fcategories&post=16376"},{"taxonomy":"post_tag","embeddable":true,"href":"https:\/\/www.ocorreionews.com.br\/acervo-correio\/index.php?rest_route=%2Fwp%2Fv2%2Ftags&post=16376"}],"curies":[{"name":"wp","href":"https:\/\/api.w.org\/{rel}","templated":true}]}}