{"id":16379,"date":"2015-12-03T09:24:18","date_gmt":"2015-12-03T12:24:18","guid":{"rendered":"https:\/\/ocorreionews.com.br\/?p=16379"},"modified":"2015-12-03T09:24:18","modified_gmt":"2015-12-03T12:24:18","slug":"valentoes-sao-acusados-de-executar-mae-e-filho-a-tiros","status":"publish","type":"post","link":"https:\/\/www.ocorreionews.com.br\/acervo-correio\/?p=16379","title":{"rendered":"Valent\u00f5es s\u00e3o acusados de executar m\u00e3e e filho a tiros"},"content":{"rendered":"<p>Marcelo Ferreira da Silva, de 26 anos, foi assassinado com tiros no olho e no peito, enquanto sua m\u00e3e Damiana da Costa Ferreira Silva, de 48 anos, foi executada com tiros na cabe\u00e7a. Os crimes aconteceram na noite da \u00faltima segunda-feira (30), no Assentamento Mutum, que fica no munic\u00edpio de Brasil\u00e2ndia, mas a pol\u00edcia s\u00f3 conseguiu chegar no local na madrugada do dia seguinte.<\/p>\n<p>Nivaldo Pereira dos Santos, 44 anos, e seus filhos Anderson Silva dos Santos, 20, e Guilherme da Silva dos Santos, 22, todos com fama de \u201cvalent\u00f5es\u201d, s\u00e3o os acusados. Os crimes teriam sido motivados por conta de um acidente de tr\u00e2nsito, no ano passado.<\/p>\n<p>De acordo com o site Da Hora Bataguassu, os suspeitos chegaram na casa das v\u00edtimas e passaram a brigar com Marcelo. Um vizinho relatou \u00e0 pol\u00edcia que um garoto de 9 anos, irm\u00e3o de Marcelo, se escondeu no quintal. Ao chegar no s\u00edtio, a testemunha se deparou com as v\u00edtimas agonizando.<\/p>\n<p>Informado sobre a confus\u00e3o, um outro filho de Damiana ent\u00e3o seguiu para a casa da m\u00e3e e, no caminho, foi abordado por Nivaldo e seus filhos. Ele contou que foi constrangido, amea\u00e7ado pelo trio e obrigado a pegar uma arma de fogo no interior do carro ocupado pelos autores.<\/p>\n<p>O rapaz questionou sobre o que eles teriam feito com sua m\u00e3e e um deles respondeu que \u201cfizeram o que tinha que ser feito\u201d.<\/p>\n<p>Ao chegar no s\u00edtio, o jovem encontrou sua m\u00e3e e seu irm\u00e3o mortos, ocasi\u00e3o em que acionou a Pol\u00edcia Militar (PM) de Brasil\u00e2ndia.<\/p>\n<p><strong>MOTIVA\u00c7\u00c3O<\/strong><br \/>\nDe acordo com o parente das v\u00edtimas, sua fam\u00edlia morava no assentamento h\u00e1 13 anos. J\u00e1 Nivaldo e os filhos Anderson e Guilherme sempre tiveram fama de valentes e podem ter praticado os assassinatos por conta de uma desaven\u00e7a antiga.<\/p>\n<p>Desde que se envolveu em um acidente de tr\u00e2nsito com um dos filhos de Nivaldo, em 2014, \u00e9 que Marcelo sofria amea\u00e7as. O trio tamb\u00e9m \u00e9 suspeito de atear fogo em um carro da fam\u00edlia.<\/p>\n<p>Os autores fugiram do local em um ve\u00edculo Uno e ainda n\u00e3o foram encontrados.<\/p>\n<p>&nbsp;<\/p>\n<p>&nbsp;<\/p>\n<p>Correio do Estado<\/p>\n","protected":false},"excerpt":{"rendered":"<p>Marcelo Ferreira da Silva, de 26 anos, foi assassinado com tiros no olho e no peito, enquanto sua m\u00e3e Damiana da Costa Ferreira Silva, de 48 anos, foi executada com tiros na cabe\u00e7a. Os crimes aconteceram na noite da \u00faltima segunda-feira (30), no Assentamento Mutum, que fica no munic\u00edpio de Brasil\u00e2ndia, mas a pol\u00edcia s\u00f3 [&hellip;]<\/p>\n","protected":false},"author":4,"featured_media":6084,"comment_status":"closed","ping_status":"closed","sticky":false,"template":"","format":"standard","meta":{"footnotes":""},"categories":[38],"tags":[],"class_list":["post-16379","post","type-post","status-publish","format-standard","has-post-thumbnail","hentry","category-policia"],"_links":{"self":[{"href":"https:\/\/www.ocorreionews.com.br\/acervo-correio\/index.php?rest_route=\/wp\/v2\/posts\/16379","targetHints":{"allow":["GET"]}}],"collection":[{"href":"https:\/\/www.ocorreionews.com.br\/acervo-correio\/index.php?rest_route=\/wp\/v2\/posts"}],"about":[{"href":"https:\/\/www.ocorreionews.com.br\/acervo-correio\/index.php?rest_route=\/wp\/v2\/types\/post"}],"author":[{"embeddable":true,"href":"https:\/\/www.ocorreionews.com.br\/acervo-correio\/index.php?rest_route=\/wp\/v2\/users\/4"}],"replies":[{"embeddable":true,"href":"https:\/\/www.ocorreionews.com.br\/acervo-correio\/index.php?rest_route=%2Fwp%2Fv2%2Fcomments&post=16379"}],"version-history":[{"count":0,"href":"https:\/\/www.ocorreionews.com.br\/acervo-correio\/index.php?rest_route=\/wp\/v2\/posts\/16379\/revisions"}],"wp:featuredmedia":[{"embeddable":true,"href":"https:\/\/www.ocorreionews.com.br\/acervo-correio\/index.php?rest_route=\/wp\/v2\/media\/6084"}],"wp:attachment":[{"href":"https:\/\/www.ocorreionews.com.br\/acervo-correio\/index.php?rest_route=%2Fwp%2Fv2%2Fmedia&parent=16379"}],"wp:term":[{"taxonomy":"category","embeddable":true,"href":"https:\/\/www.ocorreionews.com.br\/acervo-correio\/index.php?rest_route=%2Fwp%2Fv2%2Fcategories&post=16379"},{"taxonomy":"post_tag","embeddable":true,"href":"https:\/\/www.ocorreionews.com.br\/acervo-correio\/index.php?rest_route=%2Fwp%2Fv2%2Ftags&post=16379"}],"curies":[{"name":"wp","href":"https:\/\/api.w.org\/{rel}","templated":true}]}}