{"id":16381,"date":"2015-12-03T09:26:43","date_gmt":"2015-12-03T12:26:43","guid":{"rendered":"https:\/\/ocorreionews.com.br\/?p=16381"},"modified":"2015-12-03T09:36:06","modified_gmt":"2015-12-03T12:36:06","slug":"saude-de-costa-rica-entrega-cadeiras-de-rodas-adaptadas-a-pessoas-com-necessidades-especiais","status":"publish","type":"post","link":"https:\/\/www.ocorreionews.com.br\/acervo-correio\/?p=16381","title":{"rendered":"Sa\u00fade de Costa Rica entrega cadeiras de rodas adaptadas a pessoas com necessidades especiais"},"content":{"rendered":"<div class=\"marginBottom30px link-Internas\">\n<p>O prefeito Waldeli dos Santos Rosa e a secret\u00e1ria de Sa\u00fade Adriana Tobal entregaram na tarde de sexta-feira, 27 de novembro de 2015, 17 cadeiras de rodas sobre medidas para pessoas com necessidades especiais.<\/p>\n<p>Conforme a secret\u00e1ria Adriana Tobal das 17 cadeiras de rodas entregues, 15 s\u00e3o adaptadas para banho e duas foram destinadas as pacientes parapl\u00e9gicos. \u201cAs cadeiras s\u00e3o todas adaptadas conforme a necessidade dos pacientes, na maioria das vezes acamados que n\u00e3o conseguem se locomover ou apresentam grandes dificuldades. Os fisioterapeutas da rede tiram todas as medidas necess\u00e1rias e encaminharam para o CER &#8211; Centro de Especializado em Reabilita\u00e7\u00e3o &#8211; em Campo Grande\/MS\u201d, comentou a gestora.<\/p>\n<p>\u201cTemos dado toda assist\u00eancia a essas pessoas que precisam de acompanhamento com fisioterapeutas e de medicamentos para uso cont\u00ednuo, al\u00e9m de transporte para os exames e consultas\u201d, afirmou o prefeito Waldeli dos Santos Rosa que complementou que a a\u00e7\u00e3o foi uma parceria do Munic\u00edpio de Costa Rica \u2013 MS por meio de um conv\u00eanio assinado entre o Governo do Estado e o CER\/APAE, de Campo Grande.<\/p>\n<p>A secret\u00e1ria de Sa\u00fade acrescentou que oferecer esse benef\u00edcio \u00e0 popula\u00e7\u00e3o \u00e9 uma forma de demonstrar o quanto eles s\u00e3o importantes. \u2013\u201cN\u00e3o importa a defici\u00eancia deles, todos s\u00e3o iguais perante a Deus e precisam ser tratados como tal. E n\u00f3s da administra\u00e7\u00e3o\u00a0 estamos sempre buscando meios para oferecer uma melhor qualidade de vida para eles\u201d, concluiu Adriana Tobal.<\/p>\n<p>Durante o ano de 2015, a Secretaria de Sa\u00fade entregou 25 novas cadeiras de rodas que atenderam pacientes parapl\u00e9gicos e acamados.<\/p>\n<\/div>\n<div class=\"marginBottom30px link-Internas\">ASSECOM\/PMCR<\/div>\n","protected":false},"excerpt":{"rendered":"<p>O prefeito Waldeli dos Santos Rosa e a secret\u00e1ria de Sa\u00fade Adriana Tobal entregaram na tarde de sexta-feira, 27 de novembro de 2015, 17 cadeiras de rodas sobre medidas para pessoas com necessidades especiais. Conforme a secret\u00e1ria Adriana Tobal das 17 cadeiras de rodas entregues, 15 s\u00e3o adaptadas para banho e duas foram destinadas as [&hellip;]<\/p>\n","protected":false},"author":4,"featured_media":16382,"comment_status":"closed","ping_status":"closed","sticky":false,"template":"","format":"standard","meta":{"footnotes":""},"categories":[25],"tags":[],"class_list":["post-16381","post","type-post","status-publish","format-standard","has-post-thumbnail","hentry","category-costa-rica"],"_links":{"self":[{"href":"https:\/\/www.ocorreionews.com.br\/acervo-correio\/index.php?rest_route=\/wp\/v2\/posts\/16381","targetHints":{"allow":["GET"]}}],"collection":[{"href":"https:\/\/www.ocorreionews.com.br\/acervo-correio\/index.php?rest_route=\/wp\/v2\/posts"}],"about":[{"href":"https:\/\/www.ocorreionews.com.br\/acervo-correio\/index.php?rest_route=\/wp\/v2\/types\/post"}],"author":[{"embeddable":true,"href":"https:\/\/www.ocorreionews.com.br\/acervo-correio\/index.php?rest_route=\/wp\/v2\/users\/4"}],"replies":[{"embeddable":true,"href":"https:\/\/www.ocorreionews.com.br\/acervo-correio\/index.php?rest_route=%2Fwp%2Fv2%2Fcomments&post=16381"}],"version-history":[{"count":0,"href":"https:\/\/www.ocorreionews.com.br\/acervo-correio\/index.php?rest_route=\/wp\/v2\/posts\/16381\/revisions"}],"wp:featuredmedia":[{"embeddable":true,"href":"https:\/\/www.ocorreionews.com.br\/acervo-correio\/index.php?rest_route=\/wp\/v2\/media\/16382"}],"wp:attachment":[{"href":"https:\/\/www.ocorreionews.com.br\/acervo-correio\/index.php?rest_route=%2Fwp%2Fv2%2Fmedia&parent=16381"}],"wp:term":[{"taxonomy":"category","embeddable":true,"href":"https:\/\/www.ocorreionews.com.br\/acervo-correio\/index.php?rest_route=%2Fwp%2Fv2%2Fcategories&post=16381"},{"taxonomy":"post_tag","embeddable":true,"href":"https:\/\/www.ocorreionews.com.br\/acervo-correio\/index.php?rest_route=%2Fwp%2Fv2%2Ftags&post=16381"}],"curies":[{"name":"wp","href":"https:\/\/api.w.org\/{rel}","templated":true}]}}