{"id":16385,"date":"2015-12-03T10:29:19","date_gmt":"2015-12-03T13:29:19","guid":{"rendered":"https:\/\/ocorreionews.com.br\/?p=16385"},"modified":"2015-12-03T10:32:54","modified_gmt":"2015-12-03T13:32:54","slug":"com-epidemia-de-dengue-e-casos-de-microcefalia-ms-esta-em-guerra-contra-mosquito","status":"publish","type":"post","link":"https:\/\/www.ocorreionews.com.br\/acervo-correio\/?p=16385","title":{"rendered":"Com epidemia de dengue e casos de microcefalia, MS est\u00e1 em &#8220;guerra&#8221; contra mosquito"},"content":{"rendered":"<p>Com 34,4 mil notifica\u00e7\u00f5es de dengue desde o in\u00edcio do ano, pelo menos 10 casos de microcefalia &#8211;\u00a0doen\u00e7a que tem rela\u00e7\u00e3o com o Zika v\u00edrus que \u00e9 transmitido pelo mesmo mosquito da dengue &#8211; em investiga\u00e7\u00e3o e com Campo Grande em estado de epidemia, o governador Reinaldo Azambuja (PSDB) afirmou nesta quinta-feira que vai iniciar uma guerra contra o Aedes aegypti.<\/p>\n<p>De acordo com o governador, uma for\u00e7a-tarefa ser\u00e1 criada, sob orienta\u00e7\u00e3o do Minist\u00e9rio da Sa\u00fade, para que os criadouros do mosquito sejam eliminados e tanto a dengue quanto o Zika v\u00edrus diminuam de intensidade.<\/p>\n<p>Uma das a\u00e7\u00f5es ser\u00e1 contratar mais agentes de sa\u00fade, no entanto, os profissionais s\u00e3o vinculados \u00e0s prefeituras. \u201cVamos fortalecer o n\u00famero de agentes\u201d, disse Azambuja sem detalhar se repassar\u00e1 recurso para os munic\u00edpios.<\/p>\n<p>A mobiliza\u00e7\u00e3o da sociedade tamb\u00e9m deve ser\u00e1 alvo de campanhas do Governo. \u201c\u00c9 uma guerra com engajamento da sociedade, Ex\u00e9rcito, policiais, governo, Marinha e Aeron\u00e1utica\u201d, disse Azambuja.<\/p>\n<p>Ainda hoje, o secret\u00e1rio de sa\u00fade Nelson Tavares deve comandar reuni\u00e3o para defini\u00e7\u00e3o dos detalhes da for\u00e7a-tarefa. Um encontro no Comando Militar do Oeste tamb\u00e9m deve acontecer nos pr\u00f3ximos dias entre o Ex\u00e9rcito e a prefeitura para aux\u00edlio de militares nas a\u00e7\u00f5es em Campo Grande.<\/p>\n<p>\u201cEssa \u00e9 uma das piores endemias dos \u00faltimos s\u00e9culos. Teremos que estar todos engajados\u201d, completou o governador.<\/p>\n<p><strong>N\u00daMEROS<\/strong><\/p>\n<p>Os 34,4 mil casos notificados de dengue causaram a morte de 16 pessoas neste ano no Estado, s\u00f3 em Campo Grande e Dourados foram tr\u00eas \u00f3bitos em cada cidade.<\/p>\n<p>Dos 79 munic\u00edpios, apenas Bataypor\u00e3 e Dois Irm\u00e3os do Buriti t\u00eam baixa incid\u00eancia da dengue. Em sete cidades a incid\u00eancia \u00e9 m\u00e9dia e na grande maioria, 70 munic\u00edpios, a incid\u00eancia de infesta\u00e7\u00e3o \u00e9 alta.<\/p>\n<p>Al\u00e9m da dengue, o mesmo mosquito transmite tamb\u00e9m o Zika v\u00edrus, que tem rela\u00e7\u00e3o com casos de microcefalia registrado em todo o pa\u00eds. S\u00f3 na regi\u00e3o de Dourados, a Secretaria Estadual de Sa\u00fade investiga 10 casos de beb\u00eas que nasceram com o cr\u00e2nio menor que o normal.<\/p>\n<p>&nbsp;<\/p>\n<p>&nbsp;<\/p>\n<p>&nbsp;<\/p>\n<p>Correio do Estado<\/p>\n","protected":false},"excerpt":{"rendered":"<p>Com 34,4 mil notifica\u00e7\u00f5es de dengue desde o in\u00edcio do ano, pelo menos 10 casos de microcefalia &#8211;\u00a0doen\u00e7a que tem rela\u00e7\u00e3o com o Zika v\u00edrus que \u00e9 transmitido pelo mesmo mosquito da dengue &#8211; em investiga\u00e7\u00e3o e com Campo Grande em estado de epidemia, o governador Reinaldo Azambuja (PSDB) afirmou nesta quinta-feira que vai iniciar [&hellip;]<\/p>\n","protected":false},"author":4,"featured_media":16391,"comment_status":"closed","ping_status":"closed","sticky":false,"template":"","format":"standard","meta":{"footnotes":""},"categories":[39],"tags":[],"class_list":["post-16385","post","type-post","status-publish","format-standard","has-post-thumbnail","hentry","category-saude"],"_links":{"self":[{"href":"https:\/\/www.ocorreionews.com.br\/acervo-correio\/index.php?rest_route=\/wp\/v2\/posts\/16385","targetHints":{"allow":["GET"]}}],"collection":[{"href":"https:\/\/www.ocorreionews.com.br\/acervo-correio\/index.php?rest_route=\/wp\/v2\/posts"}],"about":[{"href":"https:\/\/www.ocorreionews.com.br\/acervo-correio\/index.php?rest_route=\/wp\/v2\/types\/post"}],"author":[{"embeddable":true,"href":"https:\/\/www.ocorreionews.com.br\/acervo-correio\/index.php?rest_route=\/wp\/v2\/users\/4"}],"replies":[{"embeddable":true,"href":"https:\/\/www.ocorreionews.com.br\/acervo-correio\/index.php?rest_route=%2Fwp%2Fv2%2Fcomments&post=16385"}],"version-history":[{"count":0,"href":"https:\/\/www.ocorreionews.com.br\/acervo-correio\/index.php?rest_route=\/wp\/v2\/posts\/16385\/revisions"}],"wp:featuredmedia":[{"embeddable":true,"href":"https:\/\/www.ocorreionews.com.br\/acervo-correio\/index.php?rest_route=\/wp\/v2\/media\/16391"}],"wp:attachment":[{"href":"https:\/\/www.ocorreionews.com.br\/acervo-correio\/index.php?rest_route=%2Fwp%2Fv2%2Fmedia&parent=16385"}],"wp:term":[{"taxonomy":"category","embeddable":true,"href":"https:\/\/www.ocorreionews.com.br\/acervo-correio\/index.php?rest_route=%2Fwp%2Fv2%2Fcategories&post=16385"},{"taxonomy":"post_tag","embeddable":true,"href":"https:\/\/www.ocorreionews.com.br\/acervo-correio\/index.php?rest_route=%2Fwp%2Fv2%2Ftags&post=16385"}],"curies":[{"name":"wp","href":"https:\/\/api.w.org\/{rel}","templated":true}]}}