{"id":16429,"date":"2015-12-03T15:00:36","date_gmt":"2015-12-03T18:00:36","guid":{"rendered":"https:\/\/ocorreionews.com.br\/?p=16429"},"modified":"2015-12-03T16:40:38","modified_gmt":"2015-12-03T19:40:38","slug":"campanha-novembro-azul-termina-com-balanco-positivo-em-costa-rica","status":"publish","type":"post","link":"https:\/\/www.ocorreionews.com.br\/acervo-correio\/?p=16429","title":{"rendered":"Campanha Novembro Azul termina com balan\u00e7o positivo em Costa Rica"},"content":{"rendered":"<div class=\"marginBottom30px link-Internas\">\n<p>Em Costa Rica &#8211; MS durante todo o m\u00eas de novembro a Secretaria Municipal focou na sa\u00fade do homem e por isso a pasta tem motivo de sobra para comemorar o balan\u00e7o positivo das a\u00e7\u00f5es da campanha \u201cNovembro Azul\u201d, que buscou conscientizar a popula\u00e7\u00e3o masculina sobre a import\u00e2ncia do exame que previne o surgimento do c\u00e2ncer de pr\u00f3stata.<\/p>\n<p>A secret\u00e1ria Municipal de Sa\u00fade Adriana Tobal ressaltou que o Munic\u00edpio vem tendo todo cuidado e aten\u00e7\u00e3o com a sa\u00fade do homem, ainda mais quando se sabe que no Brasil os n\u00fameros de casos de c\u00e2ncer de pr\u00f3stata s\u00e3o elevados. \u201c\u00c9 importante que os homens deixem o preconceito de lado e realizem todo e qualquer exame que possa diagnosticar o c\u00e2ncer de pr\u00f3stata de forma precoce, pois isso \u00e9 o que permite uma boa recupera\u00e7\u00e3o e tratamento eficaz. Queremos que essa campanha continue gerando resultados positivos, mas tamb\u00e9m precisamos do ajuda dos pr\u00f3prios homens, que podem encorajar uns aos outros nessa luta\u201d, disse Adriana Tobal.<\/p>\n<p><a href=\"https:\/\/ocorreionews.com.br\/wp-content\/uploads\/2015\/12\/novembroazulcr2.jpg\"><img loading=\"lazy\" decoding=\"async\" class=\"size-medium wp-image-16431 alignleft\" src=\"https:\/\/ocorreionews.com.br\/wp-content\/uploads\/2015\/12\/novembroazulcr2-300x200.jpg\" alt=\"novembroazulcr2\" width=\"300\" height=\"200\" srcset=\"https:\/\/www.ocorreionews.com.br\/acervo-correio\/wp-content\/uploads\/2015\/12\/novembroazulcr2-300x200.jpg 300w, https:\/\/www.ocorreionews.com.br\/acervo-correio\/wp-content\/uploads\/2015\/12\/novembroazulcr2.jpg 800w\" sizes=\"auto, (max-width: 300px) 100vw, 300px\" \/><\/a>A campanha que teve o seu dia \u2018D\u2019 em 25 de novembro, realizou uma programa\u00e7\u00e3o substanciosa, inclusive com palestras e abertura das cinco unidades de sa\u00fade no per\u00edodo da noite para atender apenas homens, cuja a\u00e7\u00e3o foi divulgada nos meios de comunica\u00e7\u00e3o da cidade durante todo m\u00eas.<\/p>\n<p>\u201cNesse per\u00edodo tivemos uma ades\u00e3o surpreendente, 522 homens procuraram as unidades e puderam verificar a press\u00e3o arterial, atualizaram o cart\u00e3o de vacina\u00e7\u00e3o, passaram por consulta m\u00e9dica, al\u00e9m de solicita\u00e7\u00e3o de PSA e toque retal, e foram realizados 296 testes r\u00e1pidos de HIV e s\u00edfilis\u201d, apontou a secret\u00e1ria de Sa\u00fade Adriana Tobal que acrescentou \u201cn\u00f3s do Munic\u00edpio estamos muito contentes, pois os homens atenderam o nosso chamado, foi realmente gratificante\u201d.<\/p>\n<p>Conforme a coordenadora da Aten\u00e7\u00e3o B\u00e1sica, Daiane de Souza Pupin, desses 296 testes r\u00e1pidos, \u201cforam encontrados alguns exames alterados que est\u00e3o em acompanhamento. Tamb\u00e9m em todas as unidades de sa\u00fade foi trabalhadas palestras na sala de espera com temas variados, administradas por dentistas, fisioterapeutas, enfermeiros e m\u00e9dicos. Agradecemos a todas as ESFs \u2013 Estrat\u00e9gia de Sa\u00fade da Fam\u00edlia \u2013 pelo excelente trabalho realizado\u201d.<\/p>\n<\/div>\n<div class=\"marginBottom30px link-Internas\">ASSECOM\/PMCR<\/div>\n","protected":false},"excerpt":{"rendered":"<p>Em Costa Rica &#8211; MS durante todo o m\u00eas de novembro a Secretaria Municipal focou na sa\u00fade do homem e por isso a pasta tem motivo de sobra para comemorar o balan\u00e7o positivo das a\u00e7\u00f5es da campanha \u201cNovembro Azul\u201d, que buscou conscientizar a popula\u00e7\u00e3o masculina sobre a import\u00e2ncia do exame que previne o surgimento do [&hellip;]<\/p>\n","protected":false},"author":4,"featured_media":16430,"comment_status":"closed","ping_status":"closed","sticky":false,"template":"","format":"standard","meta":{"footnotes":""},"categories":[25],"tags":[],"class_list":["post-16429","post","type-post","status-publish","format-standard","has-post-thumbnail","hentry","category-costa-rica"],"_links":{"self":[{"href":"https:\/\/www.ocorreionews.com.br\/acervo-correio\/index.php?rest_route=\/wp\/v2\/posts\/16429","targetHints":{"allow":["GET"]}}],"collection":[{"href":"https:\/\/www.ocorreionews.com.br\/acervo-correio\/index.php?rest_route=\/wp\/v2\/posts"}],"about":[{"href":"https:\/\/www.ocorreionews.com.br\/acervo-correio\/index.php?rest_route=\/wp\/v2\/types\/post"}],"author":[{"embeddable":true,"href":"https:\/\/www.ocorreionews.com.br\/acervo-correio\/index.php?rest_route=\/wp\/v2\/users\/4"}],"replies":[{"embeddable":true,"href":"https:\/\/www.ocorreionews.com.br\/acervo-correio\/index.php?rest_route=%2Fwp%2Fv2%2Fcomments&post=16429"}],"version-history":[{"count":0,"href":"https:\/\/www.ocorreionews.com.br\/acervo-correio\/index.php?rest_route=\/wp\/v2\/posts\/16429\/revisions"}],"wp:featuredmedia":[{"embeddable":true,"href":"https:\/\/www.ocorreionews.com.br\/acervo-correio\/index.php?rest_route=\/wp\/v2\/media\/16430"}],"wp:attachment":[{"href":"https:\/\/www.ocorreionews.com.br\/acervo-correio\/index.php?rest_route=%2Fwp%2Fv2%2Fmedia&parent=16429"}],"wp:term":[{"taxonomy":"category","embeddable":true,"href":"https:\/\/www.ocorreionews.com.br\/acervo-correio\/index.php?rest_route=%2Fwp%2Fv2%2Fcategories&post=16429"},{"taxonomy":"post_tag","embeddable":true,"href":"https:\/\/www.ocorreionews.com.br\/acervo-correio\/index.php?rest_route=%2Fwp%2Fv2%2Ftags&post=16429"}],"curies":[{"name":"wp","href":"https:\/\/api.w.org\/{rel}","templated":true}]}}