{"id":16440,"date":"2015-12-04T07:56:58","date_gmt":"2015-12-04T10:56:58","guid":{"rendered":"https:\/\/ocorreionews.com.br\/?p=16440"},"modified":"2015-12-04T07:56:58","modified_gmt":"2015-12-04T10:56:58","slug":"internauta-vereadores-foram-a-barretos-solucionar-a-questao-da-casa-de-apoio-aos-chapadenses-que-necessitam-se-deslocarem-ate-la-para-tratarem-se-tres-meses-de-alugueis-atrasados","status":"publish","type":"post","link":"https:\/\/www.ocorreionews.com.br\/acervo-correio\/?p=16440","title":{"rendered":"Internauta: Vereadores foram a Barretos solucionar a quest\u00e3o da Casa de Apoio aos chapadenses que necessitam se deslocarem ate l\u00e1 para tratarem-se. Tr\u00eas meses de alugu\u00e9is atrasados."},"content":{"rendered":"<p>Vereadores foram a Barretos solucionar a quest\u00e3o da Casa de Apoio aos chapadenses que necessitam se deslocarem ate l\u00e1 para tratarem-se.<br \/>\nTr\u00eas meses de alugu\u00e9is atrasados.<br \/>\nVergonha pra FELICIDADE.<\/p>\n<p>JARRA D&#8217;\u00c1GUA<\/p>\n<p>A filha de um amigo esta ou esteve internada no Hospital Municipal de Chapad\u00e3o do Sul. Sentindo sede chamou a atendente e pediu \u00e1gua. A atendente disse que ela, paciente, teria que ir at\u00e9 o bebedouro. Isto mesmo estando recebendo soro.<br \/>\nA menina ponderou que seria dif\u00edcil caminhar carregando o tubo de soro. Perguntou se n\u00e3o seria poss\u00edvel deixar uma jarra com \u00e1gua no quarto. A atendente argumentou que n\u00e3o existia no hospital jarras suficientes para os quartos.<br \/>\nA paciente ent\u00e3o ligou para seu pai informando a situa\u00e7\u00e3o. O pai, ent\u00e3o, apos comprar uma jarra se dirigiu ao hospital para deixar a jarra com \u00e1gua no quarto de sua filha.<br \/>\nEm um primeiro momento foi impedido, mas apos longa conversa, prevaleceu o bom senso. A jarra foi colocada no quarto e, pasmem, com \u00e1gua.<br \/>\nVergonha pra Felicidade.<\/p>\n<p>Munir<\/p>\n","protected":false},"excerpt":{"rendered":"<p>Vereadores foram a Barretos solucionar a quest\u00e3o da Casa de Apoio aos chapadenses que necessitam se deslocarem ate l\u00e1 para tratarem-se. Tr\u00eas meses de alugu\u00e9is atrasados. Vergonha pra FELICIDADE. JARRA D&#8217;\u00c1GUA A filha de um amigo esta ou esteve internada no Hospital Municipal de Chapad\u00e3o do Sul. Sentindo sede chamou a atendente e pediu \u00e1gua. [&hellip;]<\/p>\n","protected":false},"author":4,"featured_media":12343,"comment_status":"closed","ping_status":"closed","sticky":false,"template":"","format":"standard","meta":{"footnotes":""},"categories":[34],"tags":[],"class_list":["post-16440","post","type-post","status-publish","format-standard","has-post-thumbnail","hentry","category-noticias-do-internauta"],"_links":{"self":[{"href":"https:\/\/www.ocorreionews.com.br\/acervo-correio\/index.php?rest_route=\/wp\/v2\/posts\/16440","targetHints":{"allow":["GET"]}}],"collection":[{"href":"https:\/\/www.ocorreionews.com.br\/acervo-correio\/index.php?rest_route=\/wp\/v2\/posts"}],"about":[{"href":"https:\/\/www.ocorreionews.com.br\/acervo-correio\/index.php?rest_route=\/wp\/v2\/types\/post"}],"author":[{"embeddable":true,"href":"https:\/\/www.ocorreionews.com.br\/acervo-correio\/index.php?rest_route=\/wp\/v2\/users\/4"}],"replies":[{"embeddable":true,"href":"https:\/\/www.ocorreionews.com.br\/acervo-correio\/index.php?rest_route=%2Fwp%2Fv2%2Fcomments&post=16440"}],"version-history":[{"count":0,"href":"https:\/\/www.ocorreionews.com.br\/acervo-correio\/index.php?rest_route=\/wp\/v2\/posts\/16440\/revisions"}],"wp:featuredmedia":[{"embeddable":true,"href":"https:\/\/www.ocorreionews.com.br\/acervo-correio\/index.php?rest_route=\/wp\/v2\/media\/12343"}],"wp:attachment":[{"href":"https:\/\/www.ocorreionews.com.br\/acervo-correio\/index.php?rest_route=%2Fwp%2Fv2%2Fmedia&parent=16440"}],"wp:term":[{"taxonomy":"category","embeddable":true,"href":"https:\/\/www.ocorreionews.com.br\/acervo-correio\/index.php?rest_route=%2Fwp%2Fv2%2Fcategories&post=16440"},{"taxonomy":"post_tag","embeddable":true,"href":"https:\/\/www.ocorreionews.com.br\/acervo-correio\/index.php?rest_route=%2Fwp%2Fv2%2Ftags&post=16440"}],"curies":[{"name":"wp","href":"https:\/\/api.w.org\/{rel}","templated":true}]}}