{"id":16442,"date":"2015-12-04T08:10:03","date_gmt":"2015-12-04T11:10:03","guid":{"rendered":"https:\/\/ocorreionews.com.br\/?p=16442"},"modified":"2015-12-04T08:10:03","modified_gmt":"2015-12-04T11:10:03","slug":"presos-em-jatai-quadrilha-que-incendiaram-onibus","status":"publish","type":"post","link":"https:\/\/www.ocorreionews.com.br\/acervo-correio\/?p=16442","title":{"rendered":"Presos em Jatai quadrilha que incendiaram onibus"},"content":{"rendered":"<p><em>Ataque foi planejado pelo PCC de Jatai<br \/>\n<\/em><\/p>\n<p>A Pol\u00edcia Militar apresentou na tarde desta quinta-feira (03), seis pessoas entre elas tr\u00eas menores suspeitas de participarem dos ataques a \u00f4nibus que aconteceram em <a href=\"http:\/\/plantaojti.com.br\/estado\/jatai\/\" target=\"_blank\"><strong>Jata\u00ed.<\/strong><\/a><\/p>\n<p>Gilberto Ferreira Rocha, 31 anos, Rafael Ferreira de Souza, 19 anos e \u00a0Luc\u00e9lio Aparecido Domingos de Souza, 41 anos s\u00e3os os maiores que foram presos.<\/p>\n<p>Os policiais apreenderam com grupo um revolver, uma espingarda de grosso calibre, muni\u00e7\u00f5es, por\u00e7\u00f5es de drogas,\u00a0um ve\u00edculo VW Golf, uma moto Honda Titan e varias garrafas de coquetel molotov.<\/p>\n<p><a href=\"http:\/\/plantaojti.com.br\/wp-content\/uploads\/2015\/12\/12308645_1033838129999593_6131921498559613289_n.jpg\" rel=\"lightbox-0\"><img loading=\"lazy\" decoding=\"async\" class=\"alignleft  wp-image-42660\" src=\"http:\/\/plantaojti.com.br\/wp-content\/uploads\/2015\/12\/12308645_1033838129999593_6131921498559613289_n.jpg\" alt=\"12308645_1033838129999593_6131921498559613289_n\" width=\"150\" height=\"188\" \/><\/a>Segundo a Pol\u00edcia os artefatos estavam prontos para serem usados em mais um ataque que eles planejavam realizar aqui em <a href=\"http:\/\/plantaojti.com.br\/estado\/jatai\/\" target=\"_blank\">Jata\u00ed.<\/a><\/p>\n<p>Todos os acusados confessaram participa\u00e7\u00e3o nos \u00a0ataques e assumiram que a ordem dos ataques partiu de dentro de presidio. Os suspeitos foram encaminhados para 14\u00ba DRP onde ser\u00e3o ouvidos pelo delegado.<\/p>\n<p>As investiga\u00e7\u00f5es\u00a0ir\u00e3o\u00a0continuar, pois\u00a0tem mais pessoas que participaram \u00a0dos ataques para serem presas. (PlantaoJTI)<\/p>\n<p><a href=\"http:\/\/plantaojti.com.br\/wp-content\/uploads\/2015\/12\/12289600_1033838033332936_1319554736750757543_n.jpg\" rel=\"lightbox-1\"><img loading=\"lazy\" decoding=\"async\" class=\"alignleft wp-image-42661 \" src=\"http:\/\/plantaojti.com.br\/wp-content\/uploads\/2015\/12\/12289600_1033838033332936_1319554736750757543_n.jpg\" alt=\"12289600_1033838033332936_1319554736750757543_n\" width=\"493\" height=\"370\" \/><\/a><\/p>\n","protected":false},"excerpt":{"rendered":"<p>Ataque foi planejado pelo PCC de Jatai A Pol\u00edcia Militar apresentou na tarde desta quinta-feira (03), seis pessoas entre elas tr\u00eas menores suspeitas de participarem dos ataques a \u00f4nibus que aconteceram em Jata\u00ed. Gilberto Ferreira Rocha, 31 anos, Rafael Ferreira de Souza, 19 anos e \u00a0Luc\u00e9lio Aparecido Domingos de Souza, 41 anos s\u00e3os os maiores [&hellip;]<\/p>\n","protected":false},"author":4,"featured_media":16443,"comment_status":"closed","ping_status":"closed","sticky":false,"template":"","format":"standard","meta":{"footnotes":""},"categories":[38],"tags":[],"class_list":["post-16442","post","type-post","status-publish","format-standard","has-post-thumbnail","hentry","category-policia"],"_links":{"self":[{"href":"https:\/\/www.ocorreionews.com.br\/acervo-correio\/index.php?rest_route=\/wp\/v2\/posts\/16442","targetHints":{"allow":["GET"]}}],"collection":[{"href":"https:\/\/www.ocorreionews.com.br\/acervo-correio\/index.php?rest_route=\/wp\/v2\/posts"}],"about":[{"href":"https:\/\/www.ocorreionews.com.br\/acervo-correio\/index.php?rest_route=\/wp\/v2\/types\/post"}],"author":[{"embeddable":true,"href":"https:\/\/www.ocorreionews.com.br\/acervo-correio\/index.php?rest_route=\/wp\/v2\/users\/4"}],"replies":[{"embeddable":true,"href":"https:\/\/www.ocorreionews.com.br\/acervo-correio\/index.php?rest_route=%2Fwp%2Fv2%2Fcomments&post=16442"}],"version-history":[{"count":0,"href":"https:\/\/www.ocorreionews.com.br\/acervo-correio\/index.php?rest_route=\/wp\/v2\/posts\/16442\/revisions"}],"wp:featuredmedia":[{"embeddable":true,"href":"https:\/\/www.ocorreionews.com.br\/acervo-correio\/index.php?rest_route=\/wp\/v2\/media\/16443"}],"wp:attachment":[{"href":"https:\/\/www.ocorreionews.com.br\/acervo-correio\/index.php?rest_route=%2Fwp%2Fv2%2Fmedia&parent=16442"}],"wp:term":[{"taxonomy":"category","embeddable":true,"href":"https:\/\/www.ocorreionews.com.br\/acervo-correio\/index.php?rest_route=%2Fwp%2Fv2%2Fcategories&post=16442"},{"taxonomy":"post_tag","embeddable":true,"href":"https:\/\/www.ocorreionews.com.br\/acervo-correio\/index.php?rest_route=%2Fwp%2Fv2%2Ftags&post=16442"}],"curies":[{"name":"wp","href":"https:\/\/api.w.org\/{rel}","templated":true}]}}