{"id":16453,"date":"2015-12-04T08:58:16","date_gmt":"2015-12-04T11:58:16","guid":{"rendered":"https:\/\/ocorreionews.com.br\/?p=16453"},"modified":"2015-12-04T08:58:16","modified_gmt":"2015-12-04T11:58:16","slug":"waldeli-prestigia-cafe-da-manha-oferecido-pelo-sicredi","status":"publish","type":"post","link":"https:\/\/www.ocorreionews.com.br\/acervo-correio\/?p=16453","title":{"rendered":"Waldeli prestigia caf\u00e9 da manh\u00e3 oferecido pelo SICREDI"},"content":{"rendered":"<div class=\"marginBottom30px link-Internas\">\n<p>A equipe do Governo Municipal acompanhado do prefeito Waldeli dos Santos Rosa participou na ter\u00e7a-feira, 1\u00b0 de dezembro de 2015, de um caf\u00e9 da manh\u00e3 oferecido pela cooperativa SICREDI.<\/p>\n<p>Ap\u00f3s ouvir uma apresenta\u00e7\u00e3o da diretoria da cooperativa, as autoridades e o p\u00fablico presente degustaram um caf\u00e9 da manh\u00e3 oferecido pelo SICREDI.<\/p>\n<p>\u201cObrigado ao SICREDI por participar ativamente do desenvolvimento do nosso Munic\u00edpio, disponibilizando seus servi\u00e7os aos costarriquenses\u201d, disse o prefeito Waldeli ao parabenizar a diretoria.<\/p>\n<p>Na oportunidade o prefeito e o diretor esportivo do CREC \u2013 Costa Rica Esporte Clube \u2013 Augusto C\u00e9sar Mignoli aproveitaram a oportunidade para tratar da viabiliza\u00e7\u00e3o de um patroc\u00ednio para o time que ir\u00e1 disputar em 2016, a S\u00e9rie A do Campeonato Sul-mato-grossense de Futebol.<\/p>\n<\/div>\n<p>&nbsp;<\/p>\n<div class=\"marginBottom30px link-Internas\">ASSECOM\/PMCR<\/div>\n","protected":false},"excerpt":{"rendered":"<p>A equipe do Governo Municipal acompanhado do prefeito Waldeli dos Santos Rosa participou na ter\u00e7a-feira, 1\u00b0 de dezembro de 2015, de um caf\u00e9 da manh\u00e3 oferecido pela cooperativa SICREDI. Ap\u00f3s ouvir uma apresenta\u00e7\u00e3o da diretoria da cooperativa, as autoridades e o p\u00fablico presente degustaram um caf\u00e9 da manh\u00e3 oferecido pelo SICREDI. \u201cObrigado ao SICREDI por [&hellip;]<\/p>\n","protected":false},"author":4,"featured_media":16454,"comment_status":"closed","ping_status":"closed","sticky":false,"template":"","format":"standard","meta":{"footnotes":""},"categories":[25],"tags":[],"class_list":["post-16453","post","type-post","status-publish","format-standard","has-post-thumbnail","hentry","category-costa-rica"],"_links":{"self":[{"href":"https:\/\/www.ocorreionews.com.br\/acervo-correio\/index.php?rest_route=\/wp\/v2\/posts\/16453","targetHints":{"allow":["GET"]}}],"collection":[{"href":"https:\/\/www.ocorreionews.com.br\/acervo-correio\/index.php?rest_route=\/wp\/v2\/posts"}],"about":[{"href":"https:\/\/www.ocorreionews.com.br\/acervo-correio\/index.php?rest_route=\/wp\/v2\/types\/post"}],"author":[{"embeddable":true,"href":"https:\/\/www.ocorreionews.com.br\/acervo-correio\/index.php?rest_route=\/wp\/v2\/users\/4"}],"replies":[{"embeddable":true,"href":"https:\/\/www.ocorreionews.com.br\/acervo-correio\/index.php?rest_route=%2Fwp%2Fv2%2Fcomments&post=16453"}],"version-history":[{"count":0,"href":"https:\/\/www.ocorreionews.com.br\/acervo-correio\/index.php?rest_route=\/wp\/v2\/posts\/16453\/revisions"}],"wp:featuredmedia":[{"embeddable":true,"href":"https:\/\/www.ocorreionews.com.br\/acervo-correio\/index.php?rest_route=\/wp\/v2\/media\/16454"}],"wp:attachment":[{"href":"https:\/\/www.ocorreionews.com.br\/acervo-correio\/index.php?rest_route=%2Fwp%2Fv2%2Fmedia&parent=16453"}],"wp:term":[{"taxonomy":"category","embeddable":true,"href":"https:\/\/www.ocorreionews.com.br\/acervo-correio\/index.php?rest_route=%2Fwp%2Fv2%2Fcategories&post=16453"},{"taxonomy":"post_tag","embeddable":true,"href":"https:\/\/www.ocorreionews.com.br\/acervo-correio\/index.php?rest_route=%2Fwp%2Fv2%2Ftags&post=16453"}],"curies":[{"name":"wp","href":"https:\/\/api.w.org\/{rel}","templated":true}]}}