{"id":1650,"date":"2015-05-15T07:57:44","date_gmt":"2015-05-15T11:57:44","guid":{"rendered":"https:\/\/ocorreionews.com.br\/?p=1650"},"modified":"2018-08-20T22:34:37","modified_gmt":"2018-08-21T02:34:37","slug":"estudantes-das-escolas-municipais-recebem-oficina-do-projeto-cantigas-e-cirandas-do-cerrado","status":"publish","type":"post","link":"https:\/\/www.ocorreionews.com.br\/acervo-correio\/?p=1650","title":{"rendered":"Estudantes das Escolas Municipais recebem oficina do Projeto Cantigas e Cirandas do Cerrado"},"content":{"rendered":"<div class=\"marginBottom30px link-Internas\">\n<p>Os alunos da REME \u2013 Rede Municipal de Ensino \u2013 receberam no per\u00edodo de 04 a 07 de maio de 2015, o Projeto Cantigas e Cirandas do Cerrado.<\/p>\n<p>O projeto teve o apoio da Administra\u00e7\u00e3o Municipal, do Programa Energia Social para a Sustentabilidade Local da Odebrecht Agroindustrial e da ONG\/MVV &#8211; Organiza\u00e7\u00e3o N\u00e3o Governamental\/Movimento Vida Viva, para publica\u00e7\u00e3o do livro e CD do Cantigas e Cirandas do Cerrado.<\/p>\n<p>O escritor Marlei Cunha autor do projeto com apoio da Secretaria de Educa\u00e7\u00e3o, esteve passando aos alunos das Escolas Municipais Professor Adenocre Alexandre de Moraes, Vale do Amanhecer, Francisco Martins Carrijo e Joaquim Faustino Rosa, um pouco de conhecimento da hist\u00f3ria, turismo e folclore da regi\u00e3o atrav\u00e9s de a\u00e7\u00f5es que envolvem palestras e oficinas.<\/p>\n<p>\u201cPercorri as institui\u00e7\u00f5es de ensino do nosso Munic\u00edpio contando um pouco das hist\u00f3rias e est\u00f3rias de Costa Rica e regi\u00e3o\u201d, declarou Marlei.<\/p>\n<\/div>\n<div class=\"marginBottom30px link-Internas\">ASSECOM\/PMCR<\/div>\n","protected":false},"excerpt":{"rendered":"<p>Os alunos da REME \u2013 Rede Municipal de Ensino \u2013 receberam no per\u00edodo de 04 a 07 de maio de 2015, o Projeto Cantigas e Cirandas do Cerrado. O projeto teve o apoio da Administra\u00e7\u00e3o Municipal, do Programa Energia Social para a Sustentabilidade Local da Odebrecht Agroindustrial e da ONG\/MVV &#8211; Organiza\u00e7\u00e3o N\u00e3o Governamental\/Movimento Vida [&hellip;]<\/p>\n","protected":false},"author":4,"featured_media":1651,"comment_status":"closed","ping_status":"closed","sticky":false,"template":"","format":"standard","meta":{"footnotes":""},"categories":[25],"tags":[],"class_list":["post-1650","post","type-post","status-publish","format-standard","has-post-thumbnail","hentry","category-costa-rica"],"_links":{"self":[{"href":"https:\/\/www.ocorreionews.com.br\/acervo-correio\/index.php?rest_route=\/wp\/v2\/posts\/1650","targetHints":{"allow":["GET"]}}],"collection":[{"href":"https:\/\/www.ocorreionews.com.br\/acervo-correio\/index.php?rest_route=\/wp\/v2\/posts"}],"about":[{"href":"https:\/\/www.ocorreionews.com.br\/acervo-correio\/index.php?rest_route=\/wp\/v2\/types\/post"}],"author":[{"embeddable":true,"href":"https:\/\/www.ocorreionews.com.br\/acervo-correio\/index.php?rest_route=\/wp\/v2\/users\/4"}],"replies":[{"embeddable":true,"href":"https:\/\/www.ocorreionews.com.br\/acervo-correio\/index.php?rest_route=%2Fwp%2Fv2%2Fcomments&post=1650"}],"version-history":[{"count":0,"href":"https:\/\/www.ocorreionews.com.br\/acervo-correio\/index.php?rest_route=\/wp\/v2\/posts\/1650\/revisions"}],"wp:featuredmedia":[{"embeddable":true,"href":"https:\/\/www.ocorreionews.com.br\/acervo-correio\/index.php?rest_route=\/wp\/v2\/media\/1651"}],"wp:attachment":[{"href":"https:\/\/www.ocorreionews.com.br\/acervo-correio\/index.php?rest_route=%2Fwp%2Fv2%2Fmedia&parent=1650"}],"wp:term":[{"taxonomy":"category","embeddable":true,"href":"https:\/\/www.ocorreionews.com.br\/acervo-correio\/index.php?rest_route=%2Fwp%2Fv2%2Fcategories&post=1650"},{"taxonomy":"post_tag","embeddable":true,"href":"https:\/\/www.ocorreionews.com.br\/acervo-correio\/index.php?rest_route=%2Fwp%2Fv2%2Ftags&post=1650"}],"curies":[{"name":"wp","href":"https:\/\/api.w.org\/{rel}","templated":true}]}}