{"id":1653,"date":"2015-05-15T08:01:25","date_gmt":"2015-05-15T12:01:25","guid":{"rendered":"https:\/\/ocorreionews.com.br\/?p=1653"},"modified":"2018-08-20T22:34:37","modified_gmt":"2018-08-21T02:34:37","slug":"mec-anuncia-provas-do-enem-para-24-e-25-de-outubro","status":"publish","type":"post","link":"https:\/\/www.ocorreionews.com.br\/acervo-correio\/?p=1653","title":{"rendered":"MEC anuncia provas do Enem para 24 e 25 de outubro"},"content":{"rendered":"<div class=\"box-texto-conteudo\">\n<p style=\"text-align: justify;\">As provas do Exame Nacional do Ensino M\u00e9dio (Enem) 2015 ocorrer\u00e3o nos dias 24 e 25 de outubro. As inscri\u00e7\u00f5es ser\u00e3o feitas pela internet, no site do Instituto Nacional de Estudos e Pesquisas Educacionais An\u00edsio Teixeira (Inep), entre as 10h do dia 25 deste m\u00eas e 23h59 do dia 5 de junho, hor\u00e1rios de Bras\u00edlia. A informa\u00e7\u00e3o foi divulgada hoje (14) pelo Minist\u00e9rio da Educa\u00e7\u00e3o (MEC).<\/p>\n<p style=\"text-align: justify;\">No ano passado, cerca de 6,2 milh\u00f5es de estudantes fizeram o Enem. A nota do exame pode ser usada para participar de programas como o Sistema de Sele\u00e7\u00e3o Unificada (Sisu), que disponibiliza vagas no ensino superior p\u00fablico; o Programa Universidade para Todos (ProUni), que oferece bolsas em institui\u00e7\u00f5es privadas; e o Sistema de Sele\u00e7\u00e3o Unificada do Ensino T\u00e9cnico e Profissional (Sisutec), que garante vagas gratuitas em cursos t\u00e9cnicos.<\/p>\n<p style=\"text-align: justify;\">O Enem tamb\u00e9m \u00e9 pr\u00e9-requisito para firmar contratos pelo Fundo de Financiamento Estudantil (Fies), obter bolsas de interc\u00e2mbio pelo Programa Ci\u00eancia sem Fronteiras e certifica\u00e7\u00e3o do ensino m\u00e9dio.<\/p>\n<p style=\"text-align: justify;\">O edital do Enem ser\u00e1 publicado segunda-feira (9) no Di\u00e1rio Oficial da Uni\u00e3o.<\/p>\n<p style=\"text-align: justify;\">Este ano, houve um aumento no valor da inscri\u00e7\u00e3o, que passou para R$ 63. O valor cobrado at\u00e9 o ano passado era R$ 35. Alunos concluintes do ensino m\u00e9dio em 2015 matriculados na rede p\u00fablica e pessoas que declararem car\u00eancia nos termos do edital ficar\u00e3o isentas da taxa.<\/p>\n<p style=\"text-align: justify;\">Todos os candidatos dever\u00e3o ter um email pessoal. Este ano, o sistema n\u00e3o aceitar\u00e1 que mais de uma inscri\u00e7\u00e3o seja feita em um mesmo email.<\/p>\n<p style=\"text-align: justify;\">No dia do exame, os candidatos devem estar atentos aos hor\u00e1rios. Os port\u00f5es abrem \u00e0s 12h e fecham \u00e0s 13h. A prova come\u00e7a \u00e0s 13h30, no hor\u00e1rio de Bras\u00edlia. Os candidatos sabatistas, que, por motivos religiosos, n\u00e3o podem ter atividades aos s\u00e1bados, no per\u00edodo diurno, far\u00e3o a prova do dia 24 \u00e0s 19h, tamb\u00e9m no hor\u00e1rio de Bras\u00edlia.<\/p>\n<p style=\"text-align: justify;\">Para os sabatistas do Acre, Amazonas, Mato Grosso do Sul, de Mato Grosso, Rond\u00f4nia e Roraima, o in\u00edcio ser\u00e1 \u00e0s 19h, no hor\u00e1rio local. Todos os sabatistas t\u00eam de chegar nos locais de prova entre 12h e 13h, no hor\u00e1rio de Bras\u00edlia.<\/p>\n<p style=\"text-align: justify;\">No primeiro dia de prova, ser\u00e3o avaliados os conhecimentos em ci\u00eancias humanas e ci\u00eancias da natureza. No segundo, os candidatos responder\u00e3o a quest\u00f5es sobre linguagens, c\u00f3digos e suas tecnologias, reda\u00e7\u00e3o e matem\u00e1tica.<\/p>\n<p style=\"text-align: justify;\">Neste ano, ser\u00e3o mantidos os crit\u00e9rios de corre\u00e7\u00e3o da reda\u00e7\u00e3o. As provas com inser\u00e7\u00f5es inadequadas ser\u00e3o zeradas.<\/p>\n<p style=\"text-align: justify;\">O MEC espera que mais de 9 milh\u00f5es de estudantes se inscrevam no exame deste ano.<\/p>\n<p style=\"text-align: justify;\"><em>Fonte: Ag\u00eancia Brasil<\/em><\/p>\n<\/div>\n","protected":false},"excerpt":{"rendered":"<p>As provas do Exame Nacional do Ensino M\u00e9dio (Enem) 2015 ocorrer\u00e3o nos dias 24 e 25 de outubro. As inscri\u00e7\u00f5es ser\u00e3o feitas pela internet, no site do Instituto Nacional de Estudos e Pesquisas Educacionais An\u00edsio Teixeira (Inep), entre as 10h do dia 25 deste m\u00eas e 23h59 do dia 5 de junho, hor\u00e1rios de Bras\u00edlia. [&hellip;]<\/p>\n","protected":false},"author":4,"featured_media":1654,"comment_status":"closed","ping_status":"closed","sticky":false,"template":"","format":"standard","meta":{"footnotes":""},"categories":[27],"tags":[],"class_list":["post-1653","post","type-post","status-publish","format-standard","has-post-thumbnail","hentry","category-educacao"],"_links":{"self":[{"href":"https:\/\/www.ocorreionews.com.br\/acervo-correio\/index.php?rest_route=\/wp\/v2\/posts\/1653","targetHints":{"allow":["GET"]}}],"collection":[{"href":"https:\/\/www.ocorreionews.com.br\/acervo-correio\/index.php?rest_route=\/wp\/v2\/posts"}],"about":[{"href":"https:\/\/www.ocorreionews.com.br\/acervo-correio\/index.php?rest_route=\/wp\/v2\/types\/post"}],"author":[{"embeddable":true,"href":"https:\/\/www.ocorreionews.com.br\/acervo-correio\/index.php?rest_route=\/wp\/v2\/users\/4"}],"replies":[{"embeddable":true,"href":"https:\/\/www.ocorreionews.com.br\/acervo-correio\/index.php?rest_route=%2Fwp%2Fv2%2Fcomments&post=1653"}],"version-history":[{"count":0,"href":"https:\/\/www.ocorreionews.com.br\/acervo-correio\/index.php?rest_route=\/wp\/v2\/posts\/1653\/revisions"}],"wp:featuredmedia":[{"embeddable":true,"href":"https:\/\/www.ocorreionews.com.br\/acervo-correio\/index.php?rest_route=\/wp\/v2\/media\/1654"}],"wp:attachment":[{"href":"https:\/\/www.ocorreionews.com.br\/acervo-correio\/index.php?rest_route=%2Fwp%2Fv2%2Fmedia&parent=1653"}],"wp:term":[{"taxonomy":"category","embeddable":true,"href":"https:\/\/www.ocorreionews.com.br\/acervo-correio\/index.php?rest_route=%2Fwp%2Fv2%2Fcategories&post=1653"},{"taxonomy":"post_tag","embeddable":true,"href":"https:\/\/www.ocorreionews.com.br\/acervo-correio\/index.php?rest_route=%2Fwp%2Fv2%2Ftags&post=1653"}],"curies":[{"name":"wp","href":"https:\/\/api.w.org\/{rel}","templated":true}]}}