{"id":1658,"date":"2015-05-15T08:11:33","date_gmt":"2015-05-15T12:11:33","guid":{"rendered":"https:\/\/ocorreionews.com.br\/?p=1658"},"modified":"2018-08-20T22:34:37","modified_gmt":"2018-08-21T02:34:37","slug":"jovem-comente-sucidio-e-deixa-dinheiro-para-pagar-funeral","status":"publish","type":"post","link":"https:\/\/www.ocorreionews.com.br\/acervo-correio\/?p=1658","title":{"rendered":"Jovem comete sucidio e deixa dinheiro para pagar funeral"},"content":{"rendered":"<p>Um drama familiar teve um final tr\u00e1gico em <strong>Rio Verde GO<\/strong>. A fam\u00edlia do \u00a0jovem J\u00falio Cesar Gazano, 23 anos, conhecido como Marcelo, a seis dias vivia o drama do seu desaparecimento, pois no dia 07 de maio, ele saiu de sua casa e n\u00e3o mais voltou.<\/p>\n<div class=\"fright\"><ins class=\"adsbygoogle\" data-adsbygoogle-status=\"done\" data-ad-client=\"ca-pub-5069714589536887\" data-ad-slot=\"4821478406\"><ins id=\"aswift_0_expand\"><ins id=\"aswift_0_anchor\">\u00a0<\/ins><\/ins><\/ins><\/div>\n<p>Nesta quinta-feira (15), o desespero de sua procura deu lugar para o desespero de encontr\u00e1-lo sem vida. O jovem foi encontrado em uma forca com uma corda no pesco\u00e7o, em uma arvore as margens da GO 174, no sentido Rio Verde a Montividiu. A Moto Honda Titan 150, placa NJZ-0889, \u00a0que pertencia ao jovem, foi encontrada pr\u00f3xima a seu corpo.<\/p>\n<p>Segundo informa\u00e7\u00f5es policiais o corpo do rapaz j\u00e1 estava em estado de decomposi\u00e7\u00e3o, o que aponta que sua morte deve ter ocorrido h\u00e1 alguns dias. As evidencias apontam para um suic\u00eddio, mas mesmo assim a Pol\u00edcia ir\u00e1 investigar o caso.<\/p>\n<p>Antes de desaparecer o jovem deixou uma carta para seus pais, o teor da carta mostra que ele provavelmente iria se matar, em um dos trechos ele disse; \u201cM\u00e3e quando voc\u00ea ler esta carta, provavelmente eu j\u00e1 n\u00e3o estarei mais aqui neste mundo, estou deixando R$ 3.500,00 para pagar a conta do meu vel\u00f3rio\u201d.<\/p>\n<p>Segundo a fam\u00edlia do jovem ele n\u00e3o tinha desaven\u00e7a com ningu\u00e9m, e n\u00e3o tinha motivo nenhum para fazer isto, ele era um jovem d\u00f3cil e trabalhador.<\/p>\n<div id=\"author-bio-box\">\n<h3><a title=\"Todos os posts por Saulo Prado\" href=\"http:\/\/plantaojti.com.br\/author\/saulo\/\" rel=\"author\">Saulo Prado<\/a><\/h3>\n<\/div>\n","protected":false},"excerpt":{"rendered":"<p>Um drama familiar teve um final tr\u00e1gico em Rio Verde GO. A fam\u00edlia do \u00a0jovem J\u00falio Cesar Gazano, 23 anos, conhecido como Marcelo, a seis dias vivia o drama do seu desaparecimento, pois no dia 07 de maio, ele saiu de sua casa e n\u00e3o mais voltou. \u00a0 Nesta quinta-feira (15), o desespero de sua [&hellip;]<\/p>\n","protected":false},"author":4,"featured_media":1659,"comment_status":"closed","ping_status":"closed","sticky":false,"template":"","format":"standard","meta":{"footnotes":""},"categories":[38],"tags":[],"class_list":["post-1658","post","type-post","status-publish","format-standard","has-post-thumbnail","hentry","category-policia"],"_links":{"self":[{"href":"https:\/\/www.ocorreionews.com.br\/acervo-correio\/index.php?rest_route=\/wp\/v2\/posts\/1658","targetHints":{"allow":["GET"]}}],"collection":[{"href":"https:\/\/www.ocorreionews.com.br\/acervo-correio\/index.php?rest_route=\/wp\/v2\/posts"}],"about":[{"href":"https:\/\/www.ocorreionews.com.br\/acervo-correio\/index.php?rest_route=\/wp\/v2\/types\/post"}],"author":[{"embeddable":true,"href":"https:\/\/www.ocorreionews.com.br\/acervo-correio\/index.php?rest_route=\/wp\/v2\/users\/4"}],"replies":[{"embeddable":true,"href":"https:\/\/www.ocorreionews.com.br\/acervo-correio\/index.php?rest_route=%2Fwp%2Fv2%2Fcomments&post=1658"}],"version-history":[{"count":0,"href":"https:\/\/www.ocorreionews.com.br\/acervo-correio\/index.php?rest_route=\/wp\/v2\/posts\/1658\/revisions"}],"wp:featuredmedia":[{"embeddable":true,"href":"https:\/\/www.ocorreionews.com.br\/acervo-correio\/index.php?rest_route=\/wp\/v2\/media\/1659"}],"wp:attachment":[{"href":"https:\/\/www.ocorreionews.com.br\/acervo-correio\/index.php?rest_route=%2Fwp%2Fv2%2Fmedia&parent=1658"}],"wp:term":[{"taxonomy":"category","embeddable":true,"href":"https:\/\/www.ocorreionews.com.br\/acervo-correio\/index.php?rest_route=%2Fwp%2Fv2%2Fcategories&post=1658"},{"taxonomy":"post_tag","embeddable":true,"href":"https:\/\/www.ocorreionews.com.br\/acervo-correio\/index.php?rest_route=%2Fwp%2Fv2%2Ftags&post=1658"}],"curies":[{"name":"wp","href":"https:\/\/api.w.org\/{rel}","templated":true}]}}