{"id":16643,"date":"2015-12-07T08:42:58","date_gmt":"2015-12-07T11:42:58","guid":{"rendered":"https:\/\/ocorreionews.com.br\/?p=16643"},"modified":"2015-12-07T08:42:58","modified_gmt":"2015-12-07T11:42:58","slug":"dia-10-de-dezembro-tem-cantata-de-natal-e-inauguracao-da-iluminacao-natalina-da-cidade","status":"publish","type":"post","link":"https:\/\/www.ocorreionews.com.br\/acervo-correio\/?p=16643","title":{"rendered":"Dia 10 de Dezembro tem Cantata de Natal e inaugura\u00e7\u00e3o da Ilumina\u00e7\u00e3o Natalina da cidade"},"content":{"rendered":"<div class=\"marginBottom30px link-Internas\">\n<p>O governo de Costa Rica \u2013 MS realiza na quarta-feira, 10 de dezembro de 2015, \u00e0s 18h30, a Cantata de Natal e faz a Inaugura\u00e7\u00e3o Oficial da Ilumina\u00e7\u00e3o Natalina do Pa\u00e7o Municipal, Parque Ecol\u00f3gico Vilibaldo Rodrigues Barbosa \u2018Vilibaldo\u2019 e da Avenida Jos\u00e9 Ferreira da Costa, al\u00e9m da chegada do Papai Noel.<\/p>\n<p>O prefeito Waldeli dos Santos Rosa convida toda popula\u00e7\u00e3o para que \u201cvenha participar conosco deste momento t\u00e3o especial, nossa equipe trabalhou muito para proporcionar esse momento m\u00e1gico para a comunidade\u201d.<\/p>\n<p>Conforme a subsecret\u00e1ria de Administra\u00e7\u00e3o Liliane Campos, \u201cest\u00e1 tudo sendo preparado com muito carinho para receber os moradores e turistas\u201d. A partir do dia 10, o \u201cbom velhinho\u201d estar\u00e1 diariamente na Casa do Papai Noel recebendo as crian\u00e7as para tirar fotos.<\/p>\n<p>A Cantata de Natal ter\u00e1 apresenta\u00e7\u00e3o de tr\u00eas corais locais, o evento acontece na Rua Ambrosina Paes Coelho, N\u00b0. 228, Centro de Costa Rica, em frente ao Pa\u00e7o Municipal.<\/p>\n<\/div>\n<p>&nbsp;<\/p>\n<div class=\"marginBottom30px link-Internas\">ASSECOM\/PMCR<\/div>\n","protected":false},"excerpt":{"rendered":"<p>O governo de Costa Rica \u2013 MS realiza na quarta-feira, 10 de dezembro de 2015, \u00e0s 18h30, a Cantata de Natal e faz a Inaugura\u00e7\u00e3o Oficial da Ilumina\u00e7\u00e3o Natalina do Pa\u00e7o Municipal, Parque Ecol\u00f3gico Vilibaldo Rodrigues Barbosa \u2018Vilibaldo\u2019 e da Avenida Jos\u00e9 Ferreira da Costa, al\u00e9m da chegada do Papai Noel. O prefeito Waldeli dos [&hellip;]<\/p>\n","protected":false},"author":4,"featured_media":16644,"comment_status":"closed","ping_status":"closed","sticky":false,"template":"","format":"standard","meta":{"footnotes":""},"categories":[25],"tags":[],"class_list":["post-16643","post","type-post","status-publish","format-standard","has-post-thumbnail","hentry","category-costa-rica"],"_links":{"self":[{"href":"https:\/\/www.ocorreionews.com.br\/acervo-correio\/index.php?rest_route=\/wp\/v2\/posts\/16643","targetHints":{"allow":["GET"]}}],"collection":[{"href":"https:\/\/www.ocorreionews.com.br\/acervo-correio\/index.php?rest_route=\/wp\/v2\/posts"}],"about":[{"href":"https:\/\/www.ocorreionews.com.br\/acervo-correio\/index.php?rest_route=\/wp\/v2\/types\/post"}],"author":[{"embeddable":true,"href":"https:\/\/www.ocorreionews.com.br\/acervo-correio\/index.php?rest_route=\/wp\/v2\/users\/4"}],"replies":[{"embeddable":true,"href":"https:\/\/www.ocorreionews.com.br\/acervo-correio\/index.php?rest_route=%2Fwp%2Fv2%2Fcomments&post=16643"}],"version-history":[{"count":0,"href":"https:\/\/www.ocorreionews.com.br\/acervo-correio\/index.php?rest_route=\/wp\/v2\/posts\/16643\/revisions"}],"wp:featuredmedia":[{"embeddable":true,"href":"https:\/\/www.ocorreionews.com.br\/acervo-correio\/index.php?rest_route=\/wp\/v2\/media\/16644"}],"wp:attachment":[{"href":"https:\/\/www.ocorreionews.com.br\/acervo-correio\/index.php?rest_route=%2Fwp%2Fv2%2Fmedia&parent=16643"}],"wp:term":[{"taxonomy":"category","embeddable":true,"href":"https:\/\/www.ocorreionews.com.br\/acervo-correio\/index.php?rest_route=%2Fwp%2Fv2%2Fcategories&post=16643"},{"taxonomy":"post_tag","embeddable":true,"href":"https:\/\/www.ocorreionews.com.br\/acervo-correio\/index.php?rest_route=%2Fwp%2Fv2%2Ftags&post=16643"}],"curies":[{"name":"wp","href":"https:\/\/api.w.org\/{rel}","templated":true}]}}