{"id":16648,"date":"2015-12-07T09:24:17","date_gmt":"2015-12-07T12:24:17","guid":{"rendered":"https:\/\/ocorreionews.com.br\/?p=16648"},"modified":"2015-12-07T09:24:17","modified_gmt":"2015-12-07T12:24:17","slug":"camapua-mae-dorme-sobre-bebe-recem-nascido-e-crianca-morre-asfixiada","status":"publish","type":"post","link":"https:\/\/www.ocorreionews.com.br\/acervo-correio\/?p=16648","title":{"rendered":"Camapu\u00e3: m\u00e3e dorme sobre beb\u00ea rec\u00e9m-nascido e crian\u00e7a morre asfixiada"},"content":{"rendered":"<p>Um beb\u00ea de apenas 25 dias morreu asfixiado por volta de 03 horas da madrugada deste domingo (06), enquanto dormia com a m\u00e3e, uma jovem de 23 anos, o caso aconteceu na resid\u00eancia da fam\u00edlia, localizada no bairro Belo Horizonte, em Camapu\u00e3.<\/p>\n<p>De acordo com o boletim de ocorr\u00eancia, a jovem levantou para amamentar o beb\u00ea por volta de 02 horas da madrugada, em seguida, dormiu e acordou para amamentar novamente \u00e1s 03 horas, quando percebeu que a crian\u00e7a j\u00e1 estava sem vida.<\/p>\n<p>A Pol\u00edcia Militar (PM) e a Pol\u00edcia Civil do munic\u00edpio foram acionadas e no local encontraram a crian\u00e7a ainda sobre a cama com uma mancha de sangue ao lado. A m\u00e3e acredita que dormiu e n\u00e3o percebeu que o filho n\u00e3o estava conseguindo respirar.<\/p>\n<p>O corpo da crian\u00e7a foi trazido para o IML (Instituto M\u00e9dico Legal) de Coxim onde passou por uma necropsia, que confirmou a morte por asfixia e depois foi levado novamente para Camapu\u00e3, onde deve acontecer o vel\u00f3rio e o sepultamento.<\/p>\n<p>&nbsp;<\/p>\n<p>&nbsp;<\/p>\n<p><em>Coxim Agora\/Foto: Aloizio Targino:InfocoMS<\/em><\/p>\n","protected":false},"excerpt":{"rendered":"<p>Um beb\u00ea de apenas 25 dias morreu asfixiado por volta de 03 horas da madrugada deste domingo (06), enquanto dormia com a m\u00e3e, uma jovem de 23 anos, o caso aconteceu na resid\u00eancia da fam\u00edlia, localizada no bairro Belo Horizonte, em Camapu\u00e3. De acordo com o boletim de ocorr\u00eancia, a jovem levantou para amamentar o [&hellip;]<\/p>\n","protected":false},"author":4,"featured_media":16649,"comment_status":"closed","ping_status":"closed","sticky":false,"template":"","format":"standard","meta":{"footnotes":""},"categories":[38],"tags":[],"class_list":["post-16648","post","type-post","status-publish","format-standard","has-post-thumbnail","hentry","category-policia"],"_links":{"self":[{"href":"https:\/\/www.ocorreionews.com.br\/acervo-correio\/index.php?rest_route=\/wp\/v2\/posts\/16648","targetHints":{"allow":["GET"]}}],"collection":[{"href":"https:\/\/www.ocorreionews.com.br\/acervo-correio\/index.php?rest_route=\/wp\/v2\/posts"}],"about":[{"href":"https:\/\/www.ocorreionews.com.br\/acervo-correio\/index.php?rest_route=\/wp\/v2\/types\/post"}],"author":[{"embeddable":true,"href":"https:\/\/www.ocorreionews.com.br\/acervo-correio\/index.php?rest_route=\/wp\/v2\/users\/4"}],"replies":[{"embeddable":true,"href":"https:\/\/www.ocorreionews.com.br\/acervo-correio\/index.php?rest_route=%2Fwp%2Fv2%2Fcomments&post=16648"}],"version-history":[{"count":0,"href":"https:\/\/www.ocorreionews.com.br\/acervo-correio\/index.php?rest_route=\/wp\/v2\/posts\/16648\/revisions"}],"wp:featuredmedia":[{"embeddable":true,"href":"https:\/\/www.ocorreionews.com.br\/acervo-correio\/index.php?rest_route=\/wp\/v2\/media\/16649"}],"wp:attachment":[{"href":"https:\/\/www.ocorreionews.com.br\/acervo-correio\/index.php?rest_route=%2Fwp%2Fv2%2Fmedia&parent=16648"}],"wp:term":[{"taxonomy":"category","embeddable":true,"href":"https:\/\/www.ocorreionews.com.br\/acervo-correio\/index.php?rest_route=%2Fwp%2Fv2%2Fcategories&post=16648"},{"taxonomy":"post_tag","embeddable":true,"href":"https:\/\/www.ocorreionews.com.br\/acervo-correio\/index.php?rest_route=%2Fwp%2Fv2%2Ftags&post=16648"}],"curies":[{"name":"wp","href":"https:\/\/api.w.org\/{rel}","templated":true}]}}