{"id":16651,"date":"2015-12-07T09:52:26","date_gmt":"2015-12-07T12:52:26","guid":{"rendered":"https:\/\/ocorreionews.com.br\/?p=16651"},"modified":"2015-12-07T09:52:26","modified_gmt":"2015-12-07T12:52:26","slug":"ataque-incendiario-volta-a-acontecer-em-jatai","status":"publish","type":"post","link":"https:\/\/www.ocorreionews.com.br\/acervo-correio\/?p=16651","title":{"rendered":"Ataque incendi\u00e1rio volta a acontecer em Jata\u00ed"},"content":{"rendered":"<p>Um ve\u00edculo Ford Escort foi incendiado na madrugada desta segunda-feira (7), no Bairro Santa Terezinha, em Jata\u00ed (GO).<\/p>\n<p>De acordo com a pol\u00edcia, testemunhas informaram que o ve\u00edculo estava estacionado, quando dois homens em uma moto Honda Biz passaram e sem nenhum motivo aparente colocaram fogo no Carro.<\/p>\n<p><a href=\"http:\/\/plantaojti.com.br\/wp-content\/uploads\/2015\/12\/12310617_1035488986501174_5690360693227572469_n.jpg\" rel=\"lightbox-0\"><img loading=\"lazy\" decoding=\"async\" class=\"alignleft  wp-image-42721\" src=\"http:\/\/plantaojti.com.br\/wp-content\/uploads\/2015\/12\/12310617_1035488986501174_5690360693227572469_n-300x202.jpg\" alt=\"12310617_1035488986501174_5690360693227572469_n\" width=\"241\" height=\"162\" \/><\/a> Os Bombeiros foram acionados, mas apesar de terem apagado o inc\u00eandio, mais um pai de fam\u00edlia teve a\u00a0sua condu\u00e7\u00e3o destru\u00edda por v\u00e2ndalos, pois o fogo destruiu completamente o autom\u00f3vel.<\/p>\n<p>Uma arvore tamb\u00e9m foi incendiada durante a madrugada, desta vez no bairro Dom Abel.<\/p>\n<p>A Pol\u00edcia Civil investiga o caso, na inten\u00e7\u00e3o de descobrir se os ataques desta madrugada tem alguma liga\u00e7\u00e3o com a onda de inc\u00eandios criminosos que aconteceram no inicio da semana passada em Jata\u00ed.<\/p>\n<p>&nbsp;<\/p>\n<p>&nbsp;<\/p>\n<p>Plant\u00e3o JTI<\/p>\n","protected":false},"excerpt":{"rendered":"<p>Um ve\u00edculo Ford Escort foi incendiado na madrugada desta segunda-feira (7), no Bairro Santa Terezinha, em Jata\u00ed (GO). De acordo com a pol\u00edcia, testemunhas informaram que o ve\u00edculo estava estacionado, quando dois homens em uma moto Honda Biz passaram e sem nenhum motivo aparente colocaram fogo no Carro. Os Bombeiros foram acionados, mas apesar de [&hellip;]<\/p>\n","protected":false},"author":4,"featured_media":16652,"comment_status":"closed","ping_status":"closed","sticky":false,"template":"","format":"standard","meta":{"footnotes":""},"categories":[38],"tags":[],"class_list":["post-16651","post","type-post","status-publish","format-standard","has-post-thumbnail","hentry","category-policia"],"_links":{"self":[{"href":"https:\/\/www.ocorreionews.com.br\/acervo-correio\/index.php?rest_route=\/wp\/v2\/posts\/16651","targetHints":{"allow":["GET"]}}],"collection":[{"href":"https:\/\/www.ocorreionews.com.br\/acervo-correio\/index.php?rest_route=\/wp\/v2\/posts"}],"about":[{"href":"https:\/\/www.ocorreionews.com.br\/acervo-correio\/index.php?rest_route=\/wp\/v2\/types\/post"}],"author":[{"embeddable":true,"href":"https:\/\/www.ocorreionews.com.br\/acervo-correio\/index.php?rest_route=\/wp\/v2\/users\/4"}],"replies":[{"embeddable":true,"href":"https:\/\/www.ocorreionews.com.br\/acervo-correio\/index.php?rest_route=%2Fwp%2Fv2%2Fcomments&post=16651"}],"version-history":[{"count":0,"href":"https:\/\/www.ocorreionews.com.br\/acervo-correio\/index.php?rest_route=\/wp\/v2\/posts\/16651\/revisions"}],"wp:featuredmedia":[{"embeddable":true,"href":"https:\/\/www.ocorreionews.com.br\/acervo-correio\/index.php?rest_route=\/wp\/v2\/media\/16652"}],"wp:attachment":[{"href":"https:\/\/www.ocorreionews.com.br\/acervo-correio\/index.php?rest_route=%2Fwp%2Fv2%2Fmedia&parent=16651"}],"wp:term":[{"taxonomy":"category","embeddable":true,"href":"https:\/\/www.ocorreionews.com.br\/acervo-correio\/index.php?rest_route=%2Fwp%2Fv2%2Fcategories&post=16651"},{"taxonomy":"post_tag","embeddable":true,"href":"https:\/\/www.ocorreionews.com.br\/acervo-correio\/index.php?rest_route=%2Fwp%2Fv2%2Ftags&post=16651"}],"curies":[{"name":"wp","href":"https:\/\/api.w.org\/{rel}","templated":true}]}}