{"id":16654,"date":"2015-12-07T10:50:04","date_gmt":"2015-12-07T13:50:04","guid":{"rendered":"https:\/\/ocorreionews.com.br\/?p=16654"},"modified":"2015-12-07T10:50:04","modified_gmt":"2015-12-07T13:50:04","slug":"empresas-sao-multadas-em-r-140-mil-por-transporte-ilegal-de-agrotoxico","status":"publish","type":"post","link":"https:\/\/www.ocorreionews.com.br\/acervo-correio\/?p=16654","title":{"rendered":"Empresas s\u00e3o multadas em R$ 140 mil por transporte ilegal de agrot\u00f3xico"},"content":{"rendered":"<p>Policiais Militares Ambientais de Costa Rica apreenderam na tarde de ontem (6) duas carretas do tipo ba\u00fa, com cargas de agrot\u00f3xico ilegal, na rodovia MS-306, no entroncamento com a BR-359.<\/p>\n<p>Os ve\u00edculos que faziam o itiner\u00e1rio Jacare\u00ed (SP) a Cuiab\u00e1 (MT) transportavam 49 mil litros de agrot\u00f3xicos das marcas Bazuca e Rostashoch em solu\u00e7\u00e3o, subst\u00e2ncias que apresentam risco ao meio ambiente, sem a licen\u00e7a ambiental obrigat\u00f3ria.<\/p>\n<p>O agrot\u00f3xico estava acondicionado em gal\u00f5es de 20 litros. Os produtos perigosos e os ve\u00edculos foram apreendidos e encaminhados \u00e0 Delegacia de Pol\u00edcia Civil de Costa Rica.<\/p>\n<p>Duas empresas, com domic\u00edlio jur\u00eddico em Jacare\u00ed\u00a0foram autuadas administrativamente e multadas em R$ 70 mil, cada uma.<\/p>\n<p>Os respons\u00e1veis pelas empresas tamb\u00e9m responder\u00e3o por crime ambiental e poder\u00e3o pegar pena de um a quatro anos de reclus\u00e3o.<\/p>\n<p>&nbsp;<\/p>\n<p>&nbsp;<\/p>\n<p>Correio do Estado<\/p>\n","protected":false},"excerpt":{"rendered":"<p>Policiais Militares Ambientais de Costa Rica apreenderam na tarde de ontem (6) duas carretas do tipo ba\u00fa, com cargas de agrot\u00f3xico ilegal, na rodovia MS-306, no entroncamento com a BR-359. Os ve\u00edculos que faziam o itiner\u00e1rio Jacare\u00ed (SP) a Cuiab\u00e1 (MT) transportavam 49 mil litros de agrot\u00f3xicos das marcas Bazuca e Rostashoch em solu\u00e7\u00e3o, subst\u00e2ncias [&hellip;]<\/p>\n","protected":false},"author":4,"featured_media":16655,"comment_status":"closed","ping_status":"closed","sticky":false,"template":"","format":"standard","meta":{"footnotes":""},"categories":[25,38],"tags":[],"class_list":["post-16654","post","type-post","status-publish","format-standard","has-post-thumbnail","hentry","category-costa-rica","category-policia"],"_links":{"self":[{"href":"https:\/\/www.ocorreionews.com.br\/acervo-correio\/index.php?rest_route=\/wp\/v2\/posts\/16654","targetHints":{"allow":["GET"]}}],"collection":[{"href":"https:\/\/www.ocorreionews.com.br\/acervo-correio\/index.php?rest_route=\/wp\/v2\/posts"}],"about":[{"href":"https:\/\/www.ocorreionews.com.br\/acervo-correio\/index.php?rest_route=\/wp\/v2\/types\/post"}],"author":[{"embeddable":true,"href":"https:\/\/www.ocorreionews.com.br\/acervo-correio\/index.php?rest_route=\/wp\/v2\/users\/4"}],"replies":[{"embeddable":true,"href":"https:\/\/www.ocorreionews.com.br\/acervo-correio\/index.php?rest_route=%2Fwp%2Fv2%2Fcomments&post=16654"}],"version-history":[{"count":0,"href":"https:\/\/www.ocorreionews.com.br\/acervo-correio\/index.php?rest_route=\/wp\/v2\/posts\/16654\/revisions"}],"wp:featuredmedia":[{"embeddable":true,"href":"https:\/\/www.ocorreionews.com.br\/acervo-correio\/index.php?rest_route=\/wp\/v2\/media\/16655"}],"wp:attachment":[{"href":"https:\/\/www.ocorreionews.com.br\/acervo-correio\/index.php?rest_route=%2Fwp%2Fv2%2Fmedia&parent=16654"}],"wp:term":[{"taxonomy":"category","embeddable":true,"href":"https:\/\/www.ocorreionews.com.br\/acervo-correio\/index.php?rest_route=%2Fwp%2Fv2%2Fcategories&post=16654"},{"taxonomy":"post_tag","embeddable":true,"href":"https:\/\/www.ocorreionews.com.br\/acervo-correio\/index.php?rest_route=%2Fwp%2Fv2%2Ftags&post=16654"}],"curies":[{"name":"wp","href":"https:\/\/api.w.org\/{rel}","templated":true}]}}