{"id":16668,"date":"2015-12-07T13:16:45","date_gmt":"2015-12-07T16:16:45","guid":{"rendered":"https:\/\/ocorreionews.com.br\/?p=16668"},"modified":"2015-12-07T17:11:41","modified_gmt":"2015-12-07T20:11:41","slug":"alunos-da-educacao-infantil-do-incra-foram-os-primeiros-a-receberem-os-certificados-em-paraiso-das-aguas","status":"publish","type":"post","link":"https:\/\/www.ocorreionews.com.br\/acervo-correio\/?p=16668","title":{"rendered":"Alunos da educa\u00e7\u00e3o infantil do INCRA foram os primeiros a receberem os certificados em Para\u00edso das \u00c1guas"},"content":{"rendered":"<p>Come\u00e7ou na \u00faltima sexta-feira, dia 04 de novembro, as formaturas escolares da rede municipal de ensino de Para\u00edso das \u00c1guas.<\/p>\n<p>A \u00a0primeira turma a receber o certificado de conclus\u00e3o de curso foi da Escola Municipal Lizete Riveli Alpe- Extens\u00e3o Projeto Alto Sucuriu localizada no Incra.<\/p>\n<p>A institui\u00e7\u00e3o que funciona no per\u00edodo matutino e atende 58 estudantes da creche ao 5\u00ba ano, realizou a formatura no sal\u00e3o do INCRA e nove estudantes do pr\u00e9 II receberam o certificado de conclus\u00e3o de curso da educa\u00e7\u00e3o infantil.<\/p>\n<p>Entre os presentes no evento estavam familiares dos formandos, professores, diretores, coordenadores escolares, vereadores, secret\u00e1rios municipais e o prefeito Ivan da Cruz Pereira(Xixi- PMDB), que, cumprimentou os presentes e disse o prazer de vivenciar um momento t\u00e3o especial junto as crian\u00e7as e seus familiares.<\/p>\n<p>\u201c Ver os pais felizes e participando da vida escolar de seus filhos \u00e9 muito gratificante para todos n\u00f3s da administra\u00e7\u00e3o municipal , investir na educa\u00e7\u00e3o \u00e9 de suma import\u00e2ncia e \u00a0ficamos muito honrados em fazer isso, respeitando sempre nossa popula\u00e7\u00e3o, ouvindo os pais e fazendo sempre o melhor para cada aluno. Que em 2016 seja o melhor ano da nossa vida e que DEUS ilumine cada um aqui presente\u201d, finalizou o prefeito Ivan da Cruz Pereira(Xixi- PMDB).<\/p>\n<p>As formaturas escolares \u00e9 uma realiza\u00e7\u00e3o da Prefeitura Municipal de Para\u00edso das \u00c1guas atrav\u00e9s da Secretaria Municipal de Educa\u00e7\u00e3o.<\/p>\n<p>&nbsp;<\/p>\n<p>ASSECOM- Prefeitura Municipal de Para\u00edso das \u00c1guas- MS<\/p>\n","protected":false},"excerpt":{"rendered":"<p>Come\u00e7ou na \u00faltima sexta-feira, dia 04 de novembro, as formaturas escolares da rede municipal de ensino de Para\u00edso das \u00c1guas. A \u00a0primeira turma a receber o certificado de conclus\u00e3o de curso foi da Escola Municipal Lizete Riveli Alpe- Extens\u00e3o Projeto Alto Sucuriu localizada no Incra. A institui\u00e7\u00e3o que funciona no per\u00edodo matutino e atende 58 [&hellip;]<\/p>\n","protected":false},"author":4,"featured_media":16669,"comment_status":"closed","ping_status":"closed","sticky":false,"template":"","format":"standard","meta":{"footnotes":""},"categories":[36],"tags":[],"class_list":["post-16668","post","type-post","status-publish","format-standard","has-post-thumbnail","hentry","category-paraiso-das-aguas"],"_links":{"self":[{"href":"https:\/\/www.ocorreionews.com.br\/acervo-correio\/index.php?rest_route=\/wp\/v2\/posts\/16668","targetHints":{"allow":["GET"]}}],"collection":[{"href":"https:\/\/www.ocorreionews.com.br\/acervo-correio\/index.php?rest_route=\/wp\/v2\/posts"}],"about":[{"href":"https:\/\/www.ocorreionews.com.br\/acervo-correio\/index.php?rest_route=\/wp\/v2\/types\/post"}],"author":[{"embeddable":true,"href":"https:\/\/www.ocorreionews.com.br\/acervo-correio\/index.php?rest_route=\/wp\/v2\/users\/4"}],"replies":[{"embeddable":true,"href":"https:\/\/www.ocorreionews.com.br\/acervo-correio\/index.php?rest_route=%2Fwp%2Fv2%2Fcomments&post=16668"}],"version-history":[{"count":0,"href":"https:\/\/www.ocorreionews.com.br\/acervo-correio\/index.php?rest_route=\/wp\/v2\/posts\/16668\/revisions"}],"wp:featuredmedia":[{"embeddable":true,"href":"https:\/\/www.ocorreionews.com.br\/acervo-correio\/index.php?rest_route=\/wp\/v2\/media\/16669"}],"wp:attachment":[{"href":"https:\/\/www.ocorreionews.com.br\/acervo-correio\/index.php?rest_route=%2Fwp%2Fv2%2Fmedia&parent=16668"}],"wp:term":[{"taxonomy":"category","embeddable":true,"href":"https:\/\/www.ocorreionews.com.br\/acervo-correio\/index.php?rest_route=%2Fwp%2Fv2%2Fcategories&post=16668"},{"taxonomy":"post_tag","embeddable":true,"href":"https:\/\/www.ocorreionews.com.br\/acervo-correio\/index.php?rest_route=%2Fwp%2Fv2%2Ftags&post=16668"}],"curies":[{"name":"wp","href":"https:\/\/api.w.org\/{rel}","templated":true}]}}