{"id":16773,"date":"2015-12-09T08:53:33","date_gmt":"2015-12-09T11:53:33","guid":{"rendered":"https:\/\/ocorreionews.com.br\/?p=16773"},"modified":"2015-12-09T08:53:33","modified_gmt":"2015-12-09T11:53:33","slug":"repelentes-podem-ter-reducao-ou-isencao-de-impostos-em-ms","status":"publish","type":"post","link":"https:\/\/www.ocorreionews.com.br\/acervo-correio\/?p=16773","title":{"rendered":"Repelentes podem ter redu\u00e7\u00e3o ou isen\u00e7\u00e3o de impostos em MS"},"content":{"rendered":"<div class=\"div-texto\">\n<p>Projeto de Lei apresentado durante a sess\u00e3o ordin\u00e1ria desta ter\u00e7a-feira (08\/12), pelo deputado Angelo Guerreiro classifica repelentes contra mosquitos como medicamentos, e n\u00e3o mais cosm\u00e9ticos, e disp\u00f5e sobre a redu\u00e7\u00e3o ou isen\u00e7\u00e3o de impostos que incidem nesses produtos no \u00e2mbito do Estado de Mato Grosso do Sul.<\/p>\n<p>Segundo o parlamentar, o objetivo do projeto \u00e9 tornar mais acess\u00edvel a utiliza\u00e7\u00e3o dos repelentes a todos os cidad\u00e3os, considerando que \u00e9 uma das formas de impedir a picada do mosquito Aedes Aegypti, transmissor dos v\u00edrus da Dengue, Chikungunya e Zika. Esta \u00faltima, causadora da microcefalia, doen\u00e7a em que a cabe\u00e7a e o c\u00e9rebro das crian\u00e7as s\u00e3o menores. Beb\u00eas com microcefalia podem ter graves sequelas, como: d\u00e9ficit intelectual; paralisia; convuls\u00f5es; epilepsia; autismo e rigidez dos m\u00fasculos.<\/p>\n<p>\u201cToda e qualquer medida visando ampliar as a\u00e7\u00f5es para combater o mosquito transmissor precisa ser ampliada atrav\u00e9s de um trabalho conjunto entre governo e sociedade\u201d, afirmou Guerreiro. Ele ponderou que a eminente epidemia causada pelo mosquito tem aumentado tamb\u00e9m a procura por repelentes e, conforme a lei da oferta e da procura, os produtos t\u00eam desaparecido das prateleiras. J\u00e1 os manipulados, espec\u00edficos para gestantes, t\u00eam pre\u00e7os elevados. \u201cUm vidrinho com repelente dos tipos Ethyl butylacetylaminoproprionate (EBAAP) e Dietiltoluamida (DEET), espec\u00edficos para gestantes, com apenas 100 ml, est\u00e1 em torno de R$ 45,00, gra\u00e7as aos impostos, e isso torna a aquisi\u00e7\u00e3o imposs\u00edvel para as fam\u00edlias de baixa renda, que precisam buscar produtos mais baratos e nocivos \u00e0 condi\u00e7\u00e3o de gestante\u201d, explicou o deputado na justificativa do projeto.<\/p>\n<p>Para Guerreiro, a proposta poder\u00e1 servir de exemplo a outros estados brasileiros, j\u00e1 que fortalece a preven\u00e7\u00e3o e, consequentemente, contribuir\u00e1 para reduzir os casos de doen\u00e7as causadas por mosquitos, o que tamb\u00e9m gerar\u00e1 economia de recursos na sa\u00fade p\u00fablica. Ficar\u00e1 autorizada a Secretaria Estadual da Fazenda a incluir os produtos considerados repelentes, principalmente aqueles pr\u00f3prios para gestantes (EBBAAP e DEET), na rela\u00e7\u00e3o de medicamentos e na consequente isen\u00e7\u00e3o ou redu\u00e7\u00e3o da carga tribut\u00e1ria.<\/p>\n<p>O projeto segue para a aprecia\u00e7\u00e3o da Comiss\u00e3o de Constitui\u00e7\u00e3o, Justi\u00e7a e Reda\u00e7\u00e3o (CCJR) da Casa de Leis e comiss\u00f5es de m\u00e9rito, antes da vota\u00e7\u00e3o em plen\u00e1rio.<\/p>\n<p><em>*al.ms.gov.br<\/em><\/p>\n<\/div>\n","protected":false},"excerpt":{"rendered":"<p>Projeto de Lei apresentado durante a sess\u00e3o ordin\u00e1ria desta ter\u00e7a-feira (08\/12), pelo deputado Angelo Guerreiro classifica repelentes contra mosquitos como medicamentos, e n\u00e3o mais cosm\u00e9ticos, e disp\u00f5e sobre a redu\u00e7\u00e3o ou isen\u00e7\u00e3o de impostos que incidem nesses produtos no \u00e2mbito do Estado de Mato Grosso do Sul. Segundo o parlamentar, o objetivo do projeto \u00e9 [&hellip;]<\/p>\n","protected":false},"author":4,"featured_media":16774,"comment_status":"closed","ping_status":"closed","sticky":false,"template":"","format":"standard","meta":{"footnotes":""},"categories":[37],"tags":[],"class_list":["post-16773","post","type-post","status-publish","format-standard","has-post-thumbnail","hentry","category-politica"],"_links":{"self":[{"href":"https:\/\/www.ocorreionews.com.br\/acervo-correio\/index.php?rest_route=\/wp\/v2\/posts\/16773","targetHints":{"allow":["GET"]}}],"collection":[{"href":"https:\/\/www.ocorreionews.com.br\/acervo-correio\/index.php?rest_route=\/wp\/v2\/posts"}],"about":[{"href":"https:\/\/www.ocorreionews.com.br\/acervo-correio\/index.php?rest_route=\/wp\/v2\/types\/post"}],"author":[{"embeddable":true,"href":"https:\/\/www.ocorreionews.com.br\/acervo-correio\/index.php?rest_route=\/wp\/v2\/users\/4"}],"replies":[{"embeddable":true,"href":"https:\/\/www.ocorreionews.com.br\/acervo-correio\/index.php?rest_route=%2Fwp%2Fv2%2Fcomments&post=16773"}],"version-history":[{"count":0,"href":"https:\/\/www.ocorreionews.com.br\/acervo-correio\/index.php?rest_route=\/wp\/v2\/posts\/16773\/revisions"}],"wp:featuredmedia":[{"embeddable":true,"href":"https:\/\/www.ocorreionews.com.br\/acervo-correio\/index.php?rest_route=\/wp\/v2\/media\/16774"}],"wp:attachment":[{"href":"https:\/\/www.ocorreionews.com.br\/acervo-correio\/index.php?rest_route=%2Fwp%2Fv2%2Fmedia&parent=16773"}],"wp:term":[{"taxonomy":"category","embeddable":true,"href":"https:\/\/www.ocorreionews.com.br\/acervo-correio\/index.php?rest_route=%2Fwp%2Fv2%2Fcategories&post=16773"},{"taxonomy":"post_tag","embeddable":true,"href":"https:\/\/www.ocorreionews.com.br\/acervo-correio\/index.php?rest_route=%2Fwp%2Fv2%2Ftags&post=16773"}],"curies":[{"name":"wp","href":"https:\/\/api.w.org\/{rel}","templated":true}]}}