{"id":16776,"date":"2015-12-09T09:10:43","date_gmt":"2015-12-09T12:10:43","guid":{"rendered":"https:\/\/ocorreionews.com.br\/?p=16776"},"modified":"2015-12-09T09:10:43","modified_gmt":"2015-12-09T12:10:43","slug":"alunos-eficientes-da-rede-municipal-de-ensino-sao-premiados-com-tabletes","status":"publish","type":"post","link":"https:\/\/www.ocorreionews.com.br\/acervo-correio\/?p=16776","title":{"rendered":"Alunos Eficientes da Rede Municipal de Ensino s\u00e3o premiados com tabletes"},"content":{"rendered":"<div class=\"noticiasVer\">\n<div>Como resultado das a\u00e7\u00f5es pedag\u00f3gicas, o Governo de Costa Rica \u2013 MS por meio da Secretaria de Educa\u00e7\u00e3o premiou por meio do PAE \u2013 Programa Aluno Eficiente, na noite de segunda-feira (07), os estudantes da REME &#8211; Rede Municipal de Ensino &#8211; que obtiveram os melhores desempenhos neste ano.<\/div>\n<div><\/div>\n<div>A solenidade foi realizada no Conviver \u2013 Centro de Conviv\u00eancia do Idoso &#8211; \u2018Nosso Sonho\u2019 e contou com a presen\u00e7a do prefeito Waldeli dos Santos Rosa, da secret\u00e1ria Municipal de Educa\u00e7\u00e3o e vice-presidente da UNDIME Nacional, Professora Mestre Manuelina Martins da Silva Arantes Cabral, da subsecret\u00e1ria Dulcineia Rosa, bem como dos educadores, pais e alunos.<\/div>\n<div><\/div>\n<div>\u201cEstamos homenageando o trabalho de m\u00e9rito dos nossos professores e o esfor\u00e7o dos nossos alunos. Essa \u00e9 a prova de que conseguimos fazer com que os pais entendessem a nossa proposta educacional. N\u00e3o \u00e9 poss\u00edvel fazer pol\u00edtica p\u00fablica de qualidade se n\u00e3o tivermos uma sociedade caminhando junto com o gestor p\u00fablico. A presen\u00e7a de voc\u00eas aqui conosco, nas reuni\u00f5es escolares, na vida de seus filhos mostra esse compromisso\u201d, declarou Waldeli.<\/div>\n<div><\/div>\n<div>108 alunos da rede foram homenageados pelo Programa Aluno Eficiente da SEMED &#8211; Secretaria Municipal de Educa\u00e7\u00e3o &#8211; sendo feita a premia\u00e7\u00e3o de tr\u00eas alunos por ano escolar, no \u00e2mbito de cada institui\u00e7\u00e3o educacional nos anos do Ensino Fundamental, sendo 1\u00ba, 2\u00ba e 3\u00ba lugar. \u00a0J\u00e1 as escolas da zona rural pelo fato da quantidade de alunos matriculados serem inferior \u00e0s demais institui\u00e7\u00f5es, foram premiados o 1\u00ba e 2\u00ba lugar. <a href=\"http:\/\/costarica.ms.gov.br\/up\/Noticia\/2015_12_08\/Noticia-1449611450_16953.pdf\"><strong>Clique Aqui <\/strong><\/a>e confira o nome dos alunos e a classifica\u00e7\u00e3o dos alunos por escola;<\/div>\n<div><\/div>\n<div>Os alunos do 1\u00b0 Lugar e 2\u00b0 Lugar receberam Tablets, j\u00e1 os classificados em 3\u00b0 Lugar receberam uma caixinha de som do personagem Minions. Todos os premiados tamb\u00e9m receberam medalhas de ouro, prata e bronze, respectivamente. Clique em Download e confira o nome dos alunos e a classifica\u00e7\u00e3o de cada um por institui\u00e7\u00e3o de ensino.<\/div>\n<div><\/div>\n<div>A Prof\u00aa. Me. Manuelina Martins destaca que a iniciativa faz parte de uma a\u00e7\u00e3o da SEMED em parceria com os servidores da pasta, estudantes e familiares, para atuarem na qualifica\u00e7\u00e3o do processo de ensino e aprendizagem dos alunos. \u201cA finalidade da premia\u00e7\u00e3o \u00e9, al\u00e9m de homenagear os estudantes que alcan\u00e7aram bons resultados nos estudos, incentivar os demais a buscarem o mesmo resultado\u201d, enfatizou a gestora.<\/div>\n<div><\/div>\n<div>Por sua vez, a subsecret\u00e1ria de Educa\u00e7\u00e3o destacou que dezenas de alunos tiveram notas acima da m\u00e9dia e que esse resultado est\u00e1 relacionado ao trabalho desempenhado pelos educadores da rede e pela parceria entre escola e pais. De acordo com ela, o evento celebra a renova\u00e7\u00e3o do pacto entre escola e comunidade escolar, motiva os estudantes e reconhece o esfor\u00e7o dos professores.<\/div>\n<div><\/div>\n<\/div>\n<div class=\"hide\">\n<div class=\"noticiaFoto-TN\"><a href=\"https:\/\/ocorreionews.com.br\/wp-content\/uploads\/2015\/12\/entrega-de-tabletes-cr4.jpg\" rel=\"attachment wp-att-16781\"><img loading=\"lazy\" decoding=\"async\" class=\"alignnone wp-image-16781 size-full\" src=\"https:\/\/ocorreionews.com.br\/wp-content\/uploads\/2015\/12\/entrega-de-tabletes-cr4.jpg\" alt=\"entrega de tabletes cr4\" width=\"630\" height=\"474\" srcset=\"https:\/\/www.ocorreionews.com.br\/acervo-correio\/wp-content\/uploads\/2015\/12\/entrega-de-tabletes-cr4.jpg 630w, https:\/\/www.ocorreionews.com.br\/acervo-correio\/wp-content\/uploads\/2015\/12\/entrega-de-tabletes-cr4-300x226.jpg 300w, https:\/\/www.ocorreionews.com.br\/acervo-correio\/wp-content\/uploads\/2015\/12\/entrega-de-tabletes-cr4-100x75.jpg 100w\" sizes=\"auto, (max-width: 630px) 100vw, 630px\" \/><\/a> <a href=\"https:\/\/ocorreionews.com.br\/wp-content\/uploads\/2015\/12\/entrega-de-tabletes-cr3.jpg\" rel=\"attachment wp-att-16780\"><img loading=\"lazy\" decoding=\"async\" class=\"alignnone wp-image-16780 size-full\" src=\"https:\/\/ocorreionews.com.br\/wp-content\/uploads\/2015\/12\/entrega-de-tabletes-cr3.jpg\" alt=\"entrega de tabletes cr3\" width=\"630\" height=\"420\" srcset=\"https:\/\/www.ocorreionews.com.br\/acervo-correio\/wp-content\/uploads\/2015\/12\/entrega-de-tabletes-cr3.jpg 630w, https:\/\/www.ocorreionews.com.br\/acervo-correio\/wp-content\/uploads\/2015\/12\/entrega-de-tabletes-cr3-300x200.jpg 300w\" sizes=\"auto, (max-width: 630px) 100vw, 630px\" \/><\/a> <a href=\"https:\/\/ocorreionews.com.br\/wp-content\/uploads\/2015\/12\/entrega-de-tabletes-cr2.jpg\" rel=\"attachment wp-att-16779\"><img loading=\"lazy\" decoding=\"async\" class=\"alignnone wp-image-16779 size-full\" src=\"https:\/\/ocorreionews.com.br\/wp-content\/uploads\/2015\/12\/entrega-de-tabletes-cr2.jpg\" alt=\"entrega de tabletes cr2\" width=\"630\" height=\"420\" srcset=\"https:\/\/www.ocorreionews.com.br\/acervo-correio\/wp-content\/uploads\/2015\/12\/entrega-de-tabletes-cr2.jpg 630w, https:\/\/www.ocorreionews.com.br\/acervo-correio\/wp-content\/uploads\/2015\/12\/entrega-de-tabletes-cr2-300x200.jpg 300w\" sizes=\"auto, (max-width: 630px) 100vw, 630px\" \/><\/a><\/div>\n<div class=\"noticiaFoto-TN\"><\/div>\n<div class=\"noticiaFoto-TN\">Fonte: Costa Rica em Foco<\/div>\n<\/div>\n","protected":false},"excerpt":{"rendered":"<p>Como resultado das a\u00e7\u00f5es pedag\u00f3gicas, o Governo de Costa Rica \u2013 MS por meio da Secretaria de Educa\u00e7\u00e3o premiou por meio do PAE \u2013 Programa Aluno Eficiente, na noite de segunda-feira (07), os estudantes da REME &#8211; Rede Municipal de Ensino &#8211; que obtiveram os melhores desempenhos neste ano. A solenidade foi realizada no Conviver [&hellip;]<\/p>\n","protected":false},"author":4,"featured_media":16777,"comment_status":"closed","ping_status":"closed","sticky":false,"template":"","format":"standard","meta":{"footnotes":""},"categories":[25],"tags":[],"class_list":["post-16776","post","type-post","status-publish","format-standard","has-post-thumbnail","hentry","category-costa-rica"],"_links":{"self":[{"href":"https:\/\/www.ocorreionews.com.br\/acervo-correio\/index.php?rest_route=\/wp\/v2\/posts\/16776","targetHints":{"allow":["GET"]}}],"collection":[{"href":"https:\/\/www.ocorreionews.com.br\/acervo-correio\/index.php?rest_route=\/wp\/v2\/posts"}],"about":[{"href":"https:\/\/www.ocorreionews.com.br\/acervo-correio\/index.php?rest_route=\/wp\/v2\/types\/post"}],"author":[{"embeddable":true,"href":"https:\/\/www.ocorreionews.com.br\/acervo-correio\/index.php?rest_route=\/wp\/v2\/users\/4"}],"replies":[{"embeddable":true,"href":"https:\/\/www.ocorreionews.com.br\/acervo-correio\/index.php?rest_route=%2Fwp%2Fv2%2Fcomments&post=16776"}],"version-history":[{"count":0,"href":"https:\/\/www.ocorreionews.com.br\/acervo-correio\/index.php?rest_route=\/wp\/v2\/posts\/16776\/revisions"}],"wp:featuredmedia":[{"embeddable":true,"href":"https:\/\/www.ocorreionews.com.br\/acervo-correio\/index.php?rest_route=\/wp\/v2\/media\/16777"}],"wp:attachment":[{"href":"https:\/\/www.ocorreionews.com.br\/acervo-correio\/index.php?rest_route=%2Fwp%2Fv2%2Fmedia&parent=16776"}],"wp:term":[{"taxonomy":"category","embeddable":true,"href":"https:\/\/www.ocorreionews.com.br\/acervo-correio\/index.php?rest_route=%2Fwp%2Fv2%2Fcategories&post=16776"},{"taxonomy":"post_tag","embeddable":true,"href":"https:\/\/www.ocorreionews.com.br\/acervo-correio\/index.php?rest_route=%2Fwp%2Fv2%2Ftags&post=16776"}],"curies":[{"name":"wp","href":"https:\/\/api.w.org\/{rel}","templated":true}]}}