{"id":16778,"date":"2015-12-09T10:50:06","date_gmt":"2015-12-09T13:50:06","guid":{"rendered":"https:\/\/ocorreionews.com.br\/?p=16778"},"modified":"2015-12-10T23:35:13","modified_gmt":"2015-12-11T02:35:13","slug":"prefeitura-de-chapadao-do-sul-vai-realizar-licitacao-do-transito-durante-o-recesso-administrativo","status":"publish","type":"post","link":"https:\/\/www.ocorreionews.com.br\/acervo-correio\/?p=16778","title":{"rendered":"Prefeitura de Chapad\u00e3o do Sul vai realizar licita\u00e7\u00e3o do tr\u00e2nsito durante o recesso administrativo"},"content":{"rendered":"<p style=\"text-align: justify;\">Acompanhando atentamente o Di\u00e1rio Oficial do Municipal de Chapad\u00e3o do Sul, verificamos que o setor de licita\u00e7\u00e3o da administra\u00e7\u00e3o do prefeito Luiz Felipe, determinou a realiza\u00e7\u00e3o da Licita\u00e7\u00e3o da contrata\u00e7\u00e3o de empresa, para execu\u00e7\u00e3o da sinaliza\u00e7\u00e3o vi\u00e1ria vertical e horizontal de Chapad\u00e3o do Sul, <strong>para o dia 23 de dezembro<\/strong>.<\/p>\n<p style=\"text-align: justify;\">Estranhamente nesse dia conforme o decreto 2577\/2015 , nessa data os servi\u00e7os da municipalidade estar\u00e1 em recesso, que\u00a0ser\u00e1 no per\u00edodo de 21 de dezembro 2015 a 03 de janeiro 2016.<\/p>\n<p style=\"text-align: justify;\">Essa obra vai reestruturar o tr\u00e2nsito da cidade, conforme j\u00e1 foi debatido por toda a sociedade. A preocupa\u00e7\u00e3o \u00e9 em saber quantas empresas, estar\u00e3o participando da licita\u00e7\u00e3o, j\u00e1 que \u00e9 final de ano \u00e9 a maioria das empresas em recesso, pelo fato de ser v\u00e9spera de Natal.<\/p>\n<p style=\"text-align: justify;\">Para realizar essa obra, foi necess\u00e1ria a interfer\u00eancia dos vereadores, que liberaram 50% do valor da obra, atrav\u00e9s de devolu\u00e7\u00e3o do duod\u00e9cimo e os outros 50% do governo estadual.<\/p>\n<p style=\"text-align: justify;\">Por isso a preocupa\u00e7\u00e3o que a licita\u00e7\u00e3o n\u00e3o venha ser vencida mais uma vez por uma empresa que n\u00e3o tenha condi\u00e7\u00f5es de concluir a obra, como outras feitas pela a administra\u00e7\u00e3o.<\/p>\n<p style=\"text-align: justify;\"><em><strong>VEJA ABAIXO O EDITAL:<\/strong><\/em><\/p>\n<p style=\"text-align: justify;\"><strong>\u00a0<\/strong><\/p>\n<p style=\"text-align: justify;\"><strong>AVISO DE LICITA\u00c7\u00c3O <\/strong><\/p>\n<p style=\"text-align: justify;\"><strong>PROCESSO ADMINISTRATIVO N\u00ba 2168\/2015 <\/strong><\/p>\n<p style=\"text-align: justify;\"><strong>TOMADA DE PRE\u00c7O N\u00ba 012\/2015 <\/strong><\/p>\n<p style=\"text-align: justify;\">O <strong>MUNIC\u00cdPIO DE CHAPAD\u00c3O DO SUL<\/strong>, Estado de Mato Grosso do Sul, por interm\u00e9dio da Presidente da Comiss\u00e3o Permanente de Licita\u00e7\u00e3o designada atrav\u00e9s da Portaria n\u00ba 266\/2015, torna p\u00fablico aos interessados, que promover\u00e1 licita\u00e7\u00e3o na <strong>TOMADA DE PRE\u00c7O<\/strong>, do tipo <strong>\u201cMenor Pre\u00e7o Global\u201d<\/strong>, para contrata\u00e7\u00e3o de empresa especializada para a execu\u00e7\u00e3o da sinaliza\u00e7\u00e3o vi\u00e1ria vertical e horizontal, referente ao conv\u00eanio n\u00ba 25.304, firmado entre o munic\u00edpio de Chapad\u00e3o do Sul\/MS e o Estado de Mato Grosso do Sul, com interveni\u00eancia do Detran\/MS, conforme projeto, memorial descritivo, cronograma financeiro e edital e seus anexos, em atendimento \u00e0 Secretaria Municipal de Obras, Transportes e Servi\u00e7os P\u00fablicos de Chapad\u00e3o do Sul\/MS.<\/p>\n<p style=\"text-align: justify;\"><strong>Local e Data do Certame: <\/strong>O recebimento dos envelopes de proposta de pre\u00e7os e de habilita\u00e7\u00e3o ocorrer\u00e3o no dia <strong>23 de dezembro de 2015, as 07:30 (sete e trinta) horas (MS)<\/strong>, na sala de reuni\u00f5es da Prefeitura Municipal, localizada a Avenida Seis, n\u00ba 706, Chapad\u00e3o do Sul \u2013 MS.<\/p>\n<p style=\"text-align: justify;\"><strong>Retirada do Edital: <\/strong>O Edital poder\u00e1 ser retirado junto ao Departamento de Licita\u00e7\u00f5es e pelo e-mail licita.chapadao@outlook.com.<\/p>\n<p style=\"text-align: justify;\">Chapad\u00e3o do Sul\/MS, em 07 de dezembro de 2015.<\/p>\n<p style=\"text-align: justify;\"><strong>CAMILA LOCKS <\/strong><\/p>\n<p style=\"text-align: justify;\">Presidente CPL<\/p>\n<p style=\"text-align: justify;\">Portaria 266\/2015<\/p>\n","protected":false},"excerpt":{"rendered":"<p>Acompanhando atentamente o Di\u00e1rio Oficial do Municipal de Chapad\u00e3o do Sul, verificamos que o setor de licita\u00e7\u00e3o da administra\u00e7\u00e3o do prefeito Luiz Felipe, determinou a realiza\u00e7\u00e3o da Licita\u00e7\u00e3o da contrata\u00e7\u00e3o de empresa, para execu\u00e7\u00e3o da sinaliza\u00e7\u00e3o vi\u00e1ria vertical e horizontal de Chapad\u00e3o do Sul, para o dia 23 de dezembro. Estranhamente nesse dia conforme o [&hellip;]<\/p>\n","protected":false},"author":4,"featured_media":16799,"comment_status":"closed","ping_status":"closed","sticky":false,"template":"","format":"standard","meta":{"footnotes":""},"categories":[23],"tags":[],"class_list":["post-16778","post","type-post","status-publish","format-standard","has-post-thumbnail","hentry","category-chapadao-do-sul"],"_links":{"self":[{"href":"https:\/\/www.ocorreionews.com.br\/acervo-correio\/index.php?rest_route=\/wp\/v2\/posts\/16778","targetHints":{"allow":["GET"]}}],"collection":[{"href":"https:\/\/www.ocorreionews.com.br\/acervo-correio\/index.php?rest_route=\/wp\/v2\/posts"}],"about":[{"href":"https:\/\/www.ocorreionews.com.br\/acervo-correio\/index.php?rest_route=\/wp\/v2\/types\/post"}],"author":[{"embeddable":true,"href":"https:\/\/www.ocorreionews.com.br\/acervo-correio\/index.php?rest_route=\/wp\/v2\/users\/4"}],"replies":[{"embeddable":true,"href":"https:\/\/www.ocorreionews.com.br\/acervo-correio\/index.php?rest_route=%2Fwp%2Fv2%2Fcomments&post=16778"}],"version-history":[{"count":0,"href":"https:\/\/www.ocorreionews.com.br\/acervo-correio\/index.php?rest_route=\/wp\/v2\/posts\/16778\/revisions"}],"wp:featuredmedia":[{"embeddable":true,"href":"https:\/\/www.ocorreionews.com.br\/acervo-correio\/index.php?rest_route=\/wp\/v2\/media\/16799"}],"wp:attachment":[{"href":"https:\/\/www.ocorreionews.com.br\/acervo-correio\/index.php?rest_route=%2Fwp%2Fv2%2Fmedia&parent=16778"}],"wp:term":[{"taxonomy":"category","embeddable":true,"href":"https:\/\/www.ocorreionews.com.br\/acervo-correio\/index.php?rest_route=%2Fwp%2Fv2%2Fcategories&post=16778"},{"taxonomy":"post_tag","embeddable":true,"href":"https:\/\/www.ocorreionews.com.br\/acervo-correio\/index.php?rest_route=%2Fwp%2Fv2%2Ftags&post=16778"}],"curies":[{"name":"wp","href":"https:\/\/api.w.org\/{rel}","templated":true}]}}